{"id":1035,"date":"2023-10-24T03:05:05","date_gmt":"2023-10-24T01:05:05","guid":{"rendered":"https:\/\/www.dknyheder.dk\/da-dk\/?p=1035"},"modified":"2024-06-15T03:29:36","modified_gmt":"2024-06-15T01:29:36","slug":"stormflod-1250-husstande-har-stroem-igen-i-trekantomraadet","status":"publish","type":"post","link":"https:\/\/www.dknyheder.dk\/da-dk\/lokalt\/stormflod-1250-husstande-har-stroem-igen-i-trekantomraadet\/1035\/","title":{"rendered":"Stormflod: 1250 husstande har str\u00f8m igen i Trekantomr\u00e5det"},"content":{"rendered":"<p><strong><em>TREFOR El-net er langt med at genetablere elforsyningen i Trekantomr\u00e5det efter weekendens stormflod. Mandag aften vil hovedparten af de afbrudte husstande have f\u00e5et str\u00f8m igen. Tirsdag morgen vil cirka 300 husstande og virksomheder endnu v\u00e6re afbrudt, s\u00e6rlig hvor kabelskabe stadig st\u00e5r under vand, eller hvor anl\u00e6g er s\u00e5 beskadiget, at de kr\u00e6ver udskiftning.<\/em><\/strong><\/p>\n<p>I alt 1550 husstande og virksomheder mistede str\u00f8mmen eller har v\u00e6ret afbrudt som f\u00f8lge af den rekordh\u00f8je vandstand natten til l\u00f8rdag. Her blev 17 af TREFOR El-nets transformatorstationer og op mod 400 kabelskabe i Kolding midtby og havn, Sk\u00e6rb\u00e6k Havn, Hejlsminde, Drejens, Houens Odde, S\u00f8nder Stenderup, Middelfart og strandene omkring Binderup afbrudt eller ber\u00f8rt.<\/p>\n<p>\u201dVi er meget glade for, at det i l\u00f8bet af mandag aften vil lykkes at have genetableret elforsyningen til 1250 af de ber\u00f8rte huse i hele omr\u00e5det. Skaderne efter vandmasserne har v\u00e6ret enorme, og de steder, hvor der endnu ikke er str\u00f8m, er vi udfordret af, at kabelskabe stadig st\u00e5r under vand, eller anl\u00e6ggene er blevet beskadiget, siger Per S\u00f8rensen, elforsyningsdirekt\u00f8r i TREFOR El-net.<\/p>\n<p>I takt med, at de oversv\u00f8mmede omr\u00e5der er blevet tilg\u00e6ngelige, har det vist sig, at mange kabelskabe skal repareres eller helt udskiftes enten p\u00e5 grund af kortslutninger eller vandets voldsomme kr\u00e6fter.<\/p>\n<p>Ved havnen i Kolding havde en transformerstation taget s\u00e5 stor skade, at den og flere mindre anl\u00e6g helt m\u00e5tte udskiftes.<\/p>\n<p>\u201dVi har k\u00e6mpet siden l\u00f8rdag morgen for at f\u00e5 elforsyningen genetableret. Vi har fuld forst\u00e5else for, at det er frustrerende for dem, der stadig ikke har str\u00f8m. De ligger pletvist spredt ud over de ramte omr\u00e5der, og det er de steder, hvor vi ikke kan n\u00f8jes med at reng\u00f8re og t\u00f8rre skabene og anl\u00e6g, siger Per S\u00f8rensen.<\/p>\n<p>I l\u00f8bet af tirsdagen forventer TREFOR Elnet at genetablere forsyningen til yderligere 250 husstande og virksomheder, s\u00e6rligt sommerhuse ved Binderup. Derp\u00e5 vil der v\u00e6re omkring 50 afbrudte adresser,  hvor TREFOR El-net skal bruge l\u00e6ngere tid for at n\u00e5 anl\u00e6ggene og udbedre skader.<\/p>\n<h3>Forventer f\u00f8lgeskader<\/h3>\n<p>Selv om man bor i et omr\u00e5de, hvor TREFOR El-net har genetableret forsyningen, s\u00e5 kan der godt v\u00e6re husstande, der ikke har f\u00e5et str\u00f8mmen retur.<\/p>\n<p>\u201dHvis vi kan se, at bygning og elinstallationer har v\u00e6ret ramt af oversv\u00f8mmelse og saltvand, s\u00e5 har vi vurderet, at det ikke er forsvarligt, at vi kobler str\u00f8mmen til huset. Her b\u00f8r ejeren selv kontakte en elinstallat\u00f8r for at blive tilsluttet forsvarligt og undg\u00e5 yderligere skader i husets installationer, forklarer Per S\u00f8rensen.<\/p>\n<p>Selv n\u00e5r alle husstande og virksomheder igen har str\u00f8m, s\u00e5 er TREFOR El-nets arbejde ikke f\u00e6rdigt. Der er flere steder etableret midlertidige l\u00f8sninger, som skal \u00e6ndres til permanente l\u00f8sninger. Og s\u00e5 kan selskabet ikke sige sig fri af mulige f\u00f8lgeskader af stormfloden.<\/p>\n<p>\u201dSaltvandet har v\u00e6ret dybt inde i vores anl\u00e6g, og det kan senere give os problemer. For eksempel kan selv bittesm\u00e5 saltrester give gener, hvis de igen bliver fugtige, og fugt kan vi ikke undg\u00e5 i l\u00f8bet af efter\u00e5ret og vinteren, siger Per S\u00f8rensen.<\/p>\n<p>De ramte kunder kan finde oplysninger om, hvordan de skal forholde sig p\u00e5 F\u00e5 driftsinfo om forsyningsnettet i Trekantomr\u00e5det (trefor.dk)<\/p>\n","protected":false},"excerpt":{"rendered":"<p>TREFOR El-net er langt med at genetablere elforsyningen i Trekantomr\u00e5det efter weekendens stormflod.<\/p>\n","protected":false},"author":2,"featured_media":1036,"comment_status":"closed","ping_status":"open","sticky":false,"template":"","format":"standard","meta":{"jnews-multi-image_gallery":[],"jnews_single_post":[],"jnews_primary_category":[],"footnotes":""},"categories":[25],"tags":[573,587,569,673,674],"class_list":["post-1035","post","type-post","status-publish","format-standard","has-post-thumbnail","hentry","category-lokalt","tag-kolding","tag-stroem","tag-trefor","tag-trefor-el-net","tag-trekantomraadet"],"_links":{"self":[{"href":"https:\/\/www.dknyheder.dk\/da-dk\/wp-json\/wp\/v2\/posts\/1035","targetHints":{"allow":["GET"]}}],"collection":[{"href":"https:\/\/www.dknyheder.dk\/da-dk\/wp-json\/wp\/v2\/posts"}],"about":[{"href":"https:\/\/www.dknyheder.dk\/da-dk\/wp-json\/wp\/v2\/types\/post"}],"author":[{"embeddable":true,"href":"https:\/\/www.dknyheder.dk\/da-dk\/wp-json\/wp\/v2\/users\/2"}],"replies":[{"embeddable":true,"href":"https:\/\/www.dknyheder.dk\/da-dk\/wp-json\/wp\/v2\/comments?post=1035"}],"version-history":[{"count":0,"href":"https:\/\/www.dknyheder.dk\/da-dk\/wp-json\/wp\/v2\/posts\/1035\/revisions"}],"wp:featuredmedia":[{"embeddable":true,"href":"https:\/\/www.dknyheder.dk\/da-dk\/wp-json\/wp\/v2\/media\/1036"}],"wp:attachment":[{"href":"https:\/\/www.dknyheder.dk\/da-dk\/wp-json\/wp\/v2\/media?parent=1035"}],"wp:term":[{"taxonomy":"category","embeddable":true,"href":"https:\/\/www.dknyheder.dk\/da-dk\/wp-json\/wp\/v2\/categories?post=1035"},{"taxonomy":"post_tag","embeddable":true,"href":"https:\/\/www.dknyheder.dk\/da-dk\/wp-json\/wp\/v2\/tags?post=1035"}],"curies":[{"name":"wp","href":"https:\/\/api.w.org\/{rel}","templated":true}]}}