{"id":1091,"date":"2023-10-24T13:48:09","date_gmt":"2023-10-24T11:48:09","guid":{"rendered":"https:\/\/www.dknyheder.dk\/da-dk\/?p=1091"},"modified":"2024-06-15T03:30:05","modified_gmt":"2024-06-15T01:30:05","slug":"lidl-aabner-ny-flagskibsbutik-ved-godsbanen-i-aarhus","status":"publish","type":"post","link":"https:\/\/www.dknyheder.dk\/da-dk\/lokalt\/aarhus\/lidl-aabner-ny-flagskibsbutik-ved-godsbanen-i-aarhus\/1091\/","title":{"rendered":"Lidl \u00e5bner ny flagskibsbutik ved Godsbanen i Aarhus"},"content":{"rendered":"<p>I forbindelse med etableringen af Lidls nye hovedkontor ved Godsbanen i Aarhus K, \u00e5bner dagligvarek\u00e6den torsdag d. 26. oktober en ny butik i stueetagen. Butikken bliver Lidls butik nr. 145 i Danmark, men unikt for denne butik er, at den har en s\u00e6rlig status som Lidls nye flagskibsbutik. Flagskibsbutikken har et salgsareal p\u00e5 1200 kvadratmeter og tilknyttet et parkeringshus. <\/p>\n<p>\u201dDet er dejligt, at vi nu st\u00e5r med en toptunet butik i stueetagen ved vores nye hovedkontor. Vi tog det f\u00f8rste spadestik til dette projekt i september 2021, og nu, to \u00e5r senere, er vi klar til at tage hul p\u00e5 et nyt og sp\u00e6ndende kapitel. Jeg ser frem til at f\u00f8lge butikken og de sp\u00e6ndende initiativer, der kommer til at ske,\u201d siger Jens Stratmann, adm. direkt\u00f8r i Lidl Danmark.  <\/p>\n<p>Butikschef Janni Lund Vilhelmsen, som har seks \u00e5rs erfaring i Lidl, vil v\u00e6re den ledende skikkelse i den nye flagskibsbutik. Hun og hendes team, som t\u00e6ller 23 dedikerede medarbejdere, vil sammen drive butikken p\u00e5 Godsbanen: <\/p>\n<p>\u201dJeg er nok en af dem, der gl\u00e6der sig allermest til \u00e5bningen. Jeg har set frem til denne dag i halvandet \u00e5r, hvor jeg har vidst, at jeg skulle v\u00e6re butikschef for butikken, og nu sker det endelig. Det bliver fantastisk at kunne vise vores kunder butikken og f\u00e5 en hverdag op at k\u00f8re med resten af teamet. At jeg er blevet tilbudt at lede den nye flagskibsbutik, betyder enormt meget for mig. Det er b\u00e5de med en vis \u00e6refrygt og stor ydmyghed.\u201d <\/p>\n<h3>Kunderne vil opleve nye tiltag<\/h3>\n<p>Med flagskibsbutikken er det blandt andet meningen, at man i Lidl vil teste og afpr\u00f8ve nye koncepter og initiativer af, f\u00f8r de eventuelt implementeres i de \u00f8vrige butikker. Det er en mulighed, som Janni Lund Vilhelmsen gl\u00e6der sig over, da det ogs\u00e5 vil komme kunderne til gode.  <\/p>\n<p>\u201dKunderne vil opleve nye tiltag i butikken, som i h\u00f8j grad har en mere lokal tilgang. Det omfatter b\u00e5de flere lokale begivenheder og et st\u00f8rre lokalt produktsortiment, s\u00e5som vores aktuelle samarbejde med Aarhus Bryghus og Humleland,\u201d fort\u00e6ller Janni Lund Vilhelmsen. <\/p>\n<p>Foruden de lokale initiativer vil butikken blandt andet ogs\u00e5 tilbyde m\u00e5ltidsbokse, muligheden for at male frisk kaffe i butikken ved hj\u00e6lp af en kaffekv\u00e6rn samt et udvidet omr\u00e5de med veganske produkter. <\/p>\n<h3>Inviterer aarhusianerne til et eksklusivt kig i butikken<\/h3>\n<p>Aftenen f\u00f8r butikkens officielle \u00e5bning er de n\u00e6rmeste naboer til butikken inviteret til en s\u00e6rlig naboaften i butikken. Her f\u00e5r de bes\u00f8gende mulighed for at v\u00e6re blandt de f\u00f8rste til at udforske butikken, f\u00e5 indblik i de lokale tiltag, der er i vente, og naturligvis hilse p\u00e5 butikkens personale. Udover en forsmag p\u00e5 butikken vil der ogs\u00e5 v\u00e6re gratis smagspr\u00f8ver af udvalgte produkter og en stor musikalsk overraskelse. Hvis du som nabo gerne vil deltage, s\u00e5 kig i din postkasse, hvor du meget gerne skulle have modtaget en invitation.   <\/p>\n<p>\u201dJeg h\u00e5ber, at mange af vores nye naboer har lyst til at kigge forbi. Det er en god anledning til at f\u00e5 hilst p\u00e5 hinanden og f\u00e5 mere viden om butikken \u2013 og s\u00e5 er vi jo meget sp\u00e6ndte p\u00e5 at h\u00f8re, hvad de siger til den nye butik og ikke mindst de tiltag, vi har planlagt for butikken,\u201d siger en smilende Janni Lund Vilhelmsen.  <\/p>\n<p>Dagligvarek\u00e6den inviterer desuden alle nye kunder til ny\u00e5bningsfest torsdag d. 26. oktober kl. 8. Her vil der v\u00e6re gratis morgenmad og kaffe, goodiebags, foodtruck, smagspr\u00f8ver og s\u00e6rlige \u00e5bningstilbud. <\/p>\n<p>Lidl inviterer byens kunder til naboaften onsdag den 25. oktober fra kl. 17-19, inden butikken officielt \u00e5bner d\u00f8rene for alle kunder torsdag den 26. oktober kl. 8. <\/p>\n","protected":false},"excerpt":{"rendered":"<p>Torsdag den 26. oktober sl\u00e5r Lidl d\u00f8rene op i det popul\u00e6re omr\u00e5de ved Godsbanen midt i Aarhus. I spidsen st\u00e5r den erfarne butikschef Janni Lund Vilhelmsen.<\/p>\n","protected":false},"author":2,"featured_media":1092,"comment_status":"closed","ping_status":"open","sticky":false,"template":"","format":"standard","meta":{"jnews-multi-image_gallery":[],"jnews_single_post":{"source_name":"","source_url":"","via_name":"","via_url":"","override_template":"0","override":[{"template":"7","single_blog_custom":"","parallax":"1","fullscreen":"0","layout":"right-sidebar","sidebar":"right-content","second_sidebar":"default-sidebar","sticky_sidebar":"1","share_position":"hide","share_float_style":"share-normal","show_share_counter":"1","show_view_counter":"1","show_featured":"1","show_post_meta":"1","show_post_author":"1","show_post_author_image":"0","show_post_date":"1","post_date_format":"default","post_date_format_custom":"Y\/m\/d","show_post_category":"1","show_post_reading_time":"0","post_reading_time_wpm":"300","show_zoom_button":"0","zoom_button_out_step":"2","zoom_button_in_step":"3","show_post_tag":"1","show_prev_next_post":"0","show_popup_post":"1","number_popup_post":"1","show_author_box":"0","show_post_related":"0","show_inline_post_related":"0"}],"override_image_size":"0","image_override":[{"single_post_thumbnail_size":"crop-500","single_post_gallery_size":"crop-500"}],"trending_post":"0","trending_post_position":"meta","trending_post_label":"Trending","sponsored_post":"0","sponsored_post_label":"Sponsored by","sponsored_post_name":"","sponsored_post_url":"","sponsored_post_logo_enable":"0","sponsored_post_logo":"","sponsored_post_desc":"","disable_ad":"0"},"jnews_primary_category":{"id":"","hide":""},"footnotes":""},"categories":[670],"tags":[745,747,751,583,744,752,748,746,749,750,753],"class_list":["post-1091","post","type-post","status-publish","format-standard","has-post-thumbnail","hentry","category-aarhus","tag-aarhus","tag-aarhus-bryghus","tag-dagligvarekaede","tag-dagligvarekaeder","tag-godsbanen","tag-gratis","tag-humleland","tag-janni-lund-vilhelmsen","tag-lidl","tag-lidl-danmark","tag-nyaabningsfest"],"_links":{"self":[{"href":"https:\/\/www.dknyheder.dk\/da-dk\/wp-json\/wp\/v2\/posts\/1091","targetHints":{"allow":["GET"]}}],"collection":[{"href":"https:\/\/www.dknyheder.dk\/da-dk\/wp-json\/wp\/v2\/posts"}],"about":[{"href":"https:\/\/www.dknyheder.dk\/da-dk\/wp-json\/wp\/v2\/types\/post"}],"author":[{"embeddable":true,"href":"https:\/\/www.dknyheder.dk\/da-dk\/wp-json\/wp\/v2\/users\/2"}],"replies":[{"embeddable":true,"href":"https:\/\/www.dknyheder.dk\/da-dk\/wp-json\/wp\/v2\/comments?post=1091"}],"version-history":[{"count":0,"href":"https:\/\/www.dknyheder.dk\/da-dk\/wp-json\/wp\/v2\/posts\/1091\/revisions"}],"wp:featuredmedia":[{"embeddable":true,"href":"https:\/\/www.dknyheder.dk\/da-dk\/wp-json\/wp\/v2\/media\/1092"}],"wp:attachment":[{"href":"https:\/\/www.dknyheder.dk\/da-dk\/wp-json\/wp\/v2\/media?parent=1091"}],"wp:term":[{"taxonomy":"category","embeddable":true,"href":"https:\/\/www.dknyheder.dk\/da-dk\/wp-json\/wp\/v2\/categories?post=1091"},{"taxonomy":"post_tag","embeddable":true,"href":"https:\/\/www.dknyheder.dk\/da-dk\/wp-json\/wp\/v2\/tags?post=1091"}],"curies":[{"name":"wp","href":"https:\/\/api.w.org\/{rel}","templated":true}]}}