{"id":1113,"date":"2023-10-24T16:25:18","date_gmt":"2023-10-24T14:25:18","guid":{"rendered":"https:\/\/www.dknyheder.dk\/da-dk\/?p=1113"},"modified":"2024-06-15T03:31:36","modified_gmt":"2024-06-15T01:31:36","slug":"fald-i-sygefravaeret-blandt-faengselsbetjente","status":"publish","type":"post","link":"https:\/\/www.dknyheder.dk\/da-dk\/danmark\/fald-i-sygefravaeret-blandt-faengselsbetjente\/1113\/","title":{"rendered":"Fald i sygefrav\u00e6ret blandt f\u00e6ngselsbetjente"},"content":{"rendered":"<p>Efter megen sygdom i 2022 er der nu gode nyheder at finde i sygestatistikken i Kriminalforsorgen.<\/p>\n<p>Det gennemsnitlige sygefrav\u00e6r hos f\u00e6ngselsbetjentene ligger p\u00e5 21 dage i 2023, hvor tallet var 23 dage i 2022.<\/p>\n<p>Sygefrav\u00e6ret fordeler sig dog meget uens ud over Danmarkskortet. Ser man p\u00e5 f\u00e6ngslerne, er der for eksempel fire gange mere sygdom i Nyk\u00f8bing Sj\u00e6lland end i S\u00f8nder Omme.<\/p>\n<p>F\u00e6ngselsforbundets tillidsrepr\u00e6sentant Jesper Andersen i Nyk\u00f8bing mener, at f\u00e5 langtidssyge tr\u00e6kker gennemsnittet v\u00e6sentligt op i f\u00e6ngslet i Odsherred.<\/p>\n<p>\u201dVi har blandt andet haft en kollega, som var sygemeldt i over et \u00e5r, og andre der har v\u00e6ret sygemeldt l\u00e6nge p\u00e5 grund af stress og operationer.\u201d<\/p>\n<p>I Horser\u00f8d, som ligger n\u00e6sth\u00f8jest, tilskriver tillidsrepr\u00e6sentant Michael Thomsen det h\u00f8je sygefrav\u00e6r af en kombination af langtidssyge og f\u00e6ngslets generelle usunde og usikre tilstand.<\/p>\n<p>\u201dPersonalet ved ikke, hvad der skal ske. Skal man v\u00e6k i en periode, eller lukker vi helt? Det er jeg sikker p\u00e5, g\u00e5r folk meget p\u00e5. Det er en usund tilstand og selvf\u00f8lgelig et pres p\u00e5 arbejdsmilj\u00f8et.\u201d<\/p>\n<figure id=\"attachment_1114\" aria-describedby=\"caption-attachment-1114\" style=\"width: 600px\" class=\"wp-caption alignnone\"><img decoding=\"async\" src=\"https:\/\/www.dknyheder.dk\/da-dk\/wp-content\/uploads\/2023\/10\/faengsel-sygefravaer-2023.jpg\" alt=\"\" width=\"600\" height=\"713\" class=\"size-full wp-image-1114\" srcset=\"https:\/\/www.dknyheder.dk\/da-dk\/wp-content\/uploads\/2023\/10\/faengsel-sygefravaer-2023.jpg 600w, https:\/\/www.dknyheder.dk\/da-dk\/wp-content\/uploads\/2023\/10\/faengsel-sygefravaer-2023-252x300.jpg 252w\" sizes=\"(max-width: 600px) 100vw, 600px\" \/><figcaption id=\"caption-attachment-1114\" class=\"wp-caption-text\">Det gennemsnitlige sygefrav\u00e6r hos det uniformerede personale. Kilde: Kriminalforsorgen.<\/figcaption><\/figure>\n<h3>Under 8 dage i S\u00f8nder Omme<\/h3>\n<p>Modsat ser det meget bedre ud i S\u00f8nder Omme med kun 7,7 sygedage.<\/p>\n<p>Det er ikke us\u00e6dvanligt, lyder det fra tillidsrepr\u00e6sentant Bettina Vikkels\u00f8e, for s\u00e5dan har det v\u00e6ret i mange \u00e5r.<\/p>\n<p>\u201dVores sygefrav\u00e6r ligger typisk p\u00e5 en tredjedel af resten af Kriminalforsorgen. Jeg tror, at det grundl\u00e6ggende handler om, at vi har en god kultur mellem kollegaerne. Vi kender hinanden og hj\u00e6lper hinanden. Og n\u00e5r vi har det godt \u2013 s\u00e5 f\u00e5r vi god trivsel,\u201d siger hun.<\/p>\n<p>\u201dDet bekymrer mig dog, at mine kollegaer giver udtryk for, at de er presset p\u00e5 flere fronter, blandt andet af meget h\u00f8jt bel\u00e6g, meget sagsarbejde og besv\u00e6r med at f\u00e5 d\u00e6kket alle poster, hvilket kan munde ud i nedposteringer. Jeg h\u00e5ber, at vi stadig kan holde vores lave sygefrav\u00e6r fremover.\u201d<\/p>\n<p>Ogs\u00e5 S\u00f8bys\u00f8g\u00e5rd skiller sig ud med et sygefrav\u00e6r p\u00e5 13 dage. Der er dog stadig dobbelt s\u00e5 h\u00f8jt som statens gennemsnit.<\/p>\n<p>Tillidsrepr\u00e6sentant Niels Jensen siger: \u201dJa, vores sygefrav\u00e6r er lavt i sammenligning med Kriminalforsorgen i \u00f8vrigt. Men det er stadig alt for h\u00f8jt.<\/p>\n<p>Jeg tror generelt, at vores udfordringer i S\u00f8by er mindre end andre f\u00e6ngsler. Vi er bedre med i forhold til personalesituationen end for eksempel Nyborg eller Renb\u00e6k. Men derfor mangler vi stadig folk. Desuden st\u00e5r vi i Institution Midtfyn overfor en udvidelse af Ringe F\u00e6ngsel om mindre end et \u00e5r. Jeg har sv\u00e6rt ved at se, hvor det personale skal stampes op af jorden henne.\u201d<\/p>\n","protected":false},"excerpt":{"rendered":"<p>Store forskelle p\u00e5 sygefrav\u00e6ret i f\u00e6ngslerne. F\u00e6ngselsbetjente er fire gange mere syge i Nyk\u00f8bing F\u00e6ngsel end i S\u00f8nder Omme F\u00e6ngsel.<\/p>\n","protected":false},"author":2,"featured_media":1115,"comment_status":"closed","ping_status":"open","sticky":false,"template":"","format":"standard","meta":{"jnews-multi-image_gallery":[],"jnews_single_post":{"source_name":"","source_url":"","via_name":"","via_url":"","override_template":"0","override":[{"template":"7","single_blog_custom":"","parallax":"1","fullscreen":"0","layout":"right-sidebar","sidebar":"right-content","second_sidebar":"default-sidebar","sticky_sidebar":"1","share_position":"hide","share_float_style":"share-normal","show_share_counter":"1","show_view_counter":"1","show_featured":"1","show_post_meta":"1","show_post_author":"1","show_post_author_image":"0","show_post_date":"1","post_date_format":"default","post_date_format_custom":"Y\/m\/d","show_post_category":"1","show_post_reading_time":"0","post_reading_time_wpm":"300","show_zoom_button":"0","zoom_button_out_step":"2","zoom_button_in_step":"3","show_post_tag":"1","show_prev_next_post":"0","show_popup_post":"1","number_popup_post":"1","show_author_box":"0","show_post_related":"0","show_inline_post_related":"0"}],"override_image_size":"0","image_override":[{"single_post_thumbnail_size":"crop-500","single_post_gallery_size":"crop-500"}],"trending_post":"0","trending_post_position":"meta","trending_post_label":"Trending","sponsored_post":"0","sponsored_post_label":"Sponsored by","sponsored_post_name":"","sponsored_post_url":"","sponsored_post_logo_enable":"0","sponsored_post_logo":"","sponsored_post_desc":"","disable_ad":"0"},"jnews_primary_category":{"id":"","hide":""},"footnotes":""},"categories":[3],"tags":[164,165,796,804,800,797,803,799,721,798,802,801],"class_list":["post-1113","post","type-post","status-publish","format-standard","has-post-thumbnail","hentry","category-danmark","tag-arbejdsmiljoe","tag-faengselsbetjente","tag-faengselsforbundet","tag-faengslerne","tag-jesper-andersen","tag-kriminalforsorgen","tag-michael-thomsen","tag-niels-jensen","tag-sygefravaer","tag-sygefravaeret","tag-sygestatistik","tag-sygestatistikken"],"_links":{"self":[{"href":"https:\/\/www.dknyheder.dk\/da-dk\/wp-json\/wp\/v2\/posts\/1113","targetHints":{"allow":["GET"]}}],"collection":[{"href":"https:\/\/www.dknyheder.dk\/da-dk\/wp-json\/wp\/v2\/posts"}],"about":[{"href":"https:\/\/www.dknyheder.dk\/da-dk\/wp-json\/wp\/v2\/types\/post"}],"author":[{"embeddable":true,"href":"https:\/\/www.dknyheder.dk\/da-dk\/wp-json\/wp\/v2\/users\/2"}],"replies":[{"embeddable":true,"href":"https:\/\/www.dknyheder.dk\/da-dk\/wp-json\/wp\/v2\/comments?post=1113"}],"version-history":[{"count":0,"href":"https:\/\/www.dknyheder.dk\/da-dk\/wp-json\/wp\/v2\/posts\/1113\/revisions"}],"wp:featuredmedia":[{"embeddable":true,"href":"https:\/\/www.dknyheder.dk\/da-dk\/wp-json\/wp\/v2\/media\/1115"}],"wp:attachment":[{"href":"https:\/\/www.dknyheder.dk\/da-dk\/wp-json\/wp\/v2\/media?parent=1113"}],"wp:term":[{"taxonomy":"category","embeddable":true,"href":"https:\/\/www.dknyheder.dk\/da-dk\/wp-json\/wp\/v2\/categories?post=1113"},{"taxonomy":"post_tag","embeddable":true,"href":"https:\/\/www.dknyheder.dk\/da-dk\/wp-json\/wp\/v2\/tags?post=1113"}],"curies":[{"name":"wp","href":"https:\/\/api.w.org\/{rel}","templated":true}]}}