{"id":1143,"date":"2023-10-25T15:23:10","date_gmt":"2023-10-25T13:23:10","guid":{"rendered":"https:\/\/www.dknyheder.dk\/da-dk\/?p=1143"},"modified":"2024-06-15T03:33:25","modified_gmt":"2024-06-15T01:33:25","slug":"ny-cheflaege-til-operation-og-intensiv-i-randers","status":"publish","type":"post","link":"https:\/\/www.dknyheder.dk\/da-dk\/navnenyt\/nyt-job\/ny-cheflaege-til-operation-og-intensiv-i-randers\/1143\/","title":{"rendered":"Ny chefl\u00e6ge til Operation og Intensiv i Randers"},"content":{"rendered":"<p>Nette M\u00f8ller-Nielsen kommer fra en stilling som ledende overl\u00e6ge for uddannelse p\u00e5 Operation og Intensiv, Regionshospitalet Viborg, hvor hun har v\u00e6ret siden februar 2020. Derudover har hun siden 2016, hvor hun fik sin speciall\u00e6geautorisation i an\u00e6stesiologi, v\u00e6ret tilknyttet Pr\u00e6hospitalet som akutl\u00e6ge og har k\u00f8rt akutl\u00e6gebil i flere omr\u00e5der i Region Midt.<\/p>\n<p>&#8211; Vi ser frem til at byde Nette velkommen i Randers. Hun kommer med solid ledelseserfaring fra et andet regionshospital og med en god energi og lyst til udvikling. Derudover kan hun med sin store erfaring inden for uddannelsesomr\u00e5det v\u00e6re med til at sikre, at Regionshospitalet Randers kan fastholde sit ry som et godt uddannelsessted, siger l\u00e6gefaglig direkt\u00f8r Lone Winther Jensen.<\/p>\n<h3>Gensyn med Randers<\/h3>\n<p>Siden hun fik sin kandidatgrad i 2006, har Nette-M\u00f8ller Nielsen v\u00e6ret forbi flere forskellige afdelinger i regionen \u2013 herunder p\u00e5 Regionshospitalet Randers, hvor hun fra oktober 2009 til juni 2010 var ansat som reservel\u00e6ge p\u00e5 an\u00e6stesiologisk afdeling. S\u00e5 det bliver ikke helt fremmed for hende at tr\u00e6de ind af d\u00f8ren p\u00e5 hospitalet i Randers.<\/p>\n<p>&#8211; Jeg gl\u00e6der mig til at starte et nyt kapitel som chefl\u00e6ge i Randers og drive den meget veldrevne afdeling videre i samarbejde med den \u00f8vrige afdelingsledelse. Det bliver helt sikkert b\u00e5de en stor og sp\u00e6ndende opgave, siger hun.<\/p>\n<p>Nette M\u00f8ller-Nielsen tiltr\u00e6der som chefl\u00e6ge den 1. januar 2024 og kommer sammen med chefl\u00e6ge Michael Tj\u00f8rnild og chefsygeplejerske Conny Elmstr\u00f8m til at udg\u00f8re afdelingsledelsen p\u00e5 Ortop\u00e6dkirurgi, Operation og Intensiv.<\/p>\n","protected":false},"excerpt":{"rendered":"<p>Nette M\u00f8ller-Nielsen tiltr\u00e6der som ny chefl\u00e6ge p\u00e5 Operation og Intensiv, Regionshospitalet Randers pr. 1. januar 2024.<\/p>\n","protected":false},"author":2,"featured_media":1145,"comment_status":"closed","ping_status":"open","sticky":false,"template":"","format":"standard","meta":{"jnews-multi-image_gallery":[],"jnews_single_post":{"source_name":"","source_url":"","via_name":"","via_url":"","override_template":"0","override":[{"template":"7","single_blog_custom":"","parallax":"1","fullscreen":"0","layout":"right-sidebar","sidebar":"right-content","second_sidebar":"default-sidebar","sticky_sidebar":"1","share_position":"hide","share_float_style":"share-normal","show_share_counter":"1","show_view_counter":"1","show_featured":"1","show_post_meta":"1","show_post_author":"1","show_post_author_image":"0","show_post_date":"1","post_date_format":"default","post_date_format_custom":"Y\/m\/d","show_post_category":"1","show_post_reading_time":"0","post_reading_time_wpm":"300","show_zoom_button":"0","zoom_button_out_step":"2","zoom_button_in_step":"3","show_post_tag":"1","show_prev_next_post":"0","show_popup_post":"1","number_popup_post":"1","show_author_box":"0","show_post_related":"0","show_inline_post_related":"0"}],"override_image_size":"0","image_override":[{"single_post_thumbnail_size":"crop-500","single_post_gallery_size":"crop-500"}],"trending_post":"0","trending_post_position":"meta","trending_post_label":"Trending","sponsored_post":"0","sponsored_post_label":"Sponsored by","sponsored_post_name":"","sponsored_post_url":"","sponsored_post_logo_enable":"0","sponsored_post_logo":"","sponsored_post_desc":"","disable_ad":"0"},"jnews_primary_category":{"id":"","hide":""},"footnotes":""},"categories":[322],"tags":[843,845,842,839,841,844,837,838,840],"class_list":["post-1143","post","type-post","status-publish","format-standard","has-post-thumbnail","hentry","category-nyt-job","tag-conny-elmstroem","tag-lone-winther-jensen","tag-michael-tjoernild","tag-nette-moeller-nielsen","tag-operation-og-intensiv","tag-ortopaedkirurgi","tag-region-midt","tag-regionshospitalet-randers","tag-regionshospitalet-viborg"],"_links":{"self":[{"href":"https:\/\/www.dknyheder.dk\/da-dk\/wp-json\/wp\/v2\/posts\/1143","targetHints":{"allow":["GET"]}}],"collection":[{"href":"https:\/\/www.dknyheder.dk\/da-dk\/wp-json\/wp\/v2\/posts"}],"about":[{"href":"https:\/\/www.dknyheder.dk\/da-dk\/wp-json\/wp\/v2\/types\/post"}],"author":[{"embeddable":true,"href":"https:\/\/www.dknyheder.dk\/da-dk\/wp-json\/wp\/v2\/users\/2"}],"replies":[{"embeddable":true,"href":"https:\/\/www.dknyheder.dk\/da-dk\/wp-json\/wp\/v2\/comments?post=1143"}],"version-history":[{"count":0,"href":"https:\/\/www.dknyheder.dk\/da-dk\/wp-json\/wp\/v2\/posts\/1143\/revisions"}],"wp:featuredmedia":[{"embeddable":true,"href":"https:\/\/www.dknyheder.dk\/da-dk\/wp-json\/wp\/v2\/media\/1145"}],"wp:attachment":[{"href":"https:\/\/www.dknyheder.dk\/da-dk\/wp-json\/wp\/v2\/media?parent=1143"}],"wp:term":[{"taxonomy":"category","embeddable":true,"href":"https:\/\/www.dknyheder.dk\/da-dk\/wp-json\/wp\/v2\/categories?post=1143"},{"taxonomy":"post_tag","embeddable":true,"href":"https:\/\/www.dknyheder.dk\/da-dk\/wp-json\/wp\/v2\/tags?post=1143"}],"curies":[{"name":"wp","href":"https:\/\/api.w.org\/{rel}","templated":true}]}}