{"id":1154,"date":"2023-10-25T15:59:13","date_gmt":"2023-10-25T13:59:13","guid":{"rendered":"https:\/\/www.dknyheder.dk\/da-dk\/?p=1154"},"modified":"2024-06-15T03:33:34","modified_gmt":"2024-06-15T01:33:34","slug":"cykellygter-danskerne-har-ikke-styr-paa-lygteloven","status":"publish","type":"post","link":"https:\/\/www.dknyheder.dk\/da-dk\/danmark\/cykellygter-danskerne-har-ikke-styr-paa-lygteloven\/1154\/","title":{"rendered":"Cykellygter: Danskerne har ikke styr p\u00e5 lygteloven"},"content":{"rendered":"<p>Det er blevet den tid p\u00e5 \u00e5ret, hvor rigtig mange danskere skal k\u00e6mpe sig gennem m\u00f8rket p\u00e5 cyklen for at komme til og fra arbejde, uddannelse og sociale aftaler.<\/p>\n<p>Der er bare et stort problem. Fire ud af ti har ikke styr p\u00e5, hvorn\u00e5r det er p\u00e5kr\u00e6vet, at man har lys p\u00e5 cyklen.<\/p>\n<p>Det viser en ny unders\u00f8gelse, som Kantar Public har lavet for Gjensidige.<\/p>\n<p>For selvom reglerne siger, at man skal have lys p\u00e5 cyklen mellem solnedgang- og opgang, ogs\u00e5 kaldet lygtet\u00e6ndingstiden, s\u00e5 er der s\u00e6rligt \u00e9n ting, der g\u00f8r cyklisterne i tvivl.<\/p>\n<p>N\u00e6sten tre ud af ti svarer nemlig i unders\u00f8gelsen, at de mener, at det er p\u00e5kr\u00e6vet at cykle med cykellygter, n\u00e5r gadelygterne er t\u00e6ndte. Men det er en misforst\u00e5else, der b\u00e5de kan blive dyr for pengepungen og v\u00e6re med til at skabe farlige situationer i trafikken, lyder det fra Henrik Sagild, der er direkt\u00f8r i skade i Gjensidige.<\/p>\n<p>\u201cF\u00f8rst og fremmest er det rigtig \u00e6rgerligt, hvis man ender med at skulle betale en afgift, fordi man ikke har styr p\u00e5 reglerne, som ellers er meget klare p\u00e5 omr\u00e5det. Men derudover, s\u00e5 er der jo en god grund til, at cyklister skal have lys p\u00e5, og det er at skabe synlighed og dermed forebygge farlige situationer og ulykker i trafikken,\u201d siger han.<\/p>\n<p>Unders\u00f8gelsen viser ogs\u00e5, at der er flere \u00e5rsager til, at danskerne ikke altid husker at have lys p\u00e5 cyklen, n\u00e5r de bev\u00e6ger sig ud i vinterm\u00f8rket. 31 procent svarer, at batterierne p\u00e5 deres cykellygter er g\u00e5et ud, mens hver fjerde siger, det skyldes at deres cykellygter ikke er fastmonteret p\u00e5 cyklen.<\/p>\n<p>Men det er alle \u00e5rsager, det er muligt at forebygge, lyder det fra Henrik Sagild, der ogs\u00e5 har et godt r\u00e5d til alle cyklister der, ikke hver dag tjekker op p\u00e5, hvorn\u00e5r solen st\u00e5r op og g\u00e5r ned, og derfor er i tvivl om, om der skal lys p\u00e5 cyklen eller ej.<\/p>\n<p>\u201cEn m\u00e5de at sikre sig, at man altid har lys p\u00e5 i lygtet\u00e6ndingstiden, er ved at anskaffe sig fastmonterede lygter, der lyser, hver gang man tr\u00e6der i pedalerne. Ellers er mit r\u00e5d, at hvis man er i tvivl, s\u00e5 er det bedre at v\u00e6re p\u00e5 den sikre side, og t\u00e6nde for lyset p\u00e5 cyklen. Det koster aldrig noget at v\u00e6re ekstra forsigtig,\u201d siger Henrik Sagild.<\/p>\n<h3>Om unders\u00f8gelsen<\/h3>\n<p>Unders\u00f8gelsen er foretaget blandt 1.004 repr\u00e6sentativt udvalgte danskere over 18 \u00e5r af \u00a9 Kantar Public for Gjensidige i august og september 2023.<\/p>\n<table>\n<tbody>\n<tr>\n<td colspan=\"2\">Ved du, hvorn\u00e5r det er p\u00e5kr\u00e6vet at cykle med t\u00e6ndt lys p\u00e5 cyklen?<\/td>\n<\/tr>\n<tr>\n<td>Mellem solnedgang og solopgang<\/td>\n<td>60%<\/td>\n<\/tr>\n<tr>\n<td>N\u00e5r gadelygterne er t\u00e6ndt<\/td>\n<td>28%<\/td>\n<\/tr>\n<tr>\n<td>N\u00e5r lyskeglen fra min cykellygte er synlig p\u00e5 vejen<\/td>\n<td>2%<\/td>\n<\/tr>\n<tr>\n<td>Det er aldrig p\u00e5kr\u00e6vet at k\u00f8re med cykellygter<\/td>\n<td>1%<\/td>\n<\/tr>\n<tr>\n<td>Nej, det ved jeg ikke<\/td>\n<td>9%<\/td>\n<\/tr>\n<\/tbody>\n<\/table>\n<table>\n<tbody>\n<tr>\n<td colspan=\"2\">Hvorfor cykler du uden lys p\u00e5 cyklen i lygtet\u00e6ndingsperioden? Gerne flere svar<\/td>\n<\/tr>\n<tr>\n<td>Mine cykellygter er ikke fastmonteret p\u00e5 cyklen, og derfor glemmer jeg dem<\/td>\n<td>26%<\/td>\n<\/tr>\n<tr>\n<td>Batterierne p\u00e5 mine cykellygter er g\u00e5et ud<\/td>\n<td>31%<\/td>\n<\/tr>\n<tr>\n<td>Mine cykellygter er g\u00e5et i stykker<\/td>\n<td>18%<\/td>\n<\/tr>\n<tr>\n<td>Jeg mener ikke, det er n\u00f8dvendigt med lys p\u00e5 cyklen<\/td>\n<td>3%<\/td>\n<\/tr>\n<tr>\n<td>Jeg cykler kun p\u00e5 velbelyste veje<\/td>\n<td>10<\/td>\n<\/tr>\n<tr>\n<td>Andet<\/td>\n<td>20<\/td>\n<\/tr>\n<tr>\n<td>Ved ikke<\/td>\n<td>12%<\/td>\n<\/tr>\n<\/tbody>\n<\/table>\n","protected":false},"excerpt":{"rendered":"<p>N\u00e6sten halvdelen af danskerne ved ikke, hvorn\u00e5r man skal have lys p\u00e5 cyklen.<\/p>\n","protected":false},"author":2,"featured_media":1155,"comment_status":"closed","ping_status":"open","sticky":false,"template":"","format":"standard","meta":{"jnews-multi-image_gallery":[],"jnews_single_post":{"source_name":"","source_url":"","via_name":"","via_url":"","override_template":"0","override":[{"template":"7","single_blog_custom":"","parallax":"1","fullscreen":"0","layout":"right-sidebar","sidebar":"right-content","second_sidebar":"default-sidebar","sticky_sidebar":"1","share_position":"hide","share_float_style":"share-normal","show_share_counter":"1","show_view_counter":"1","show_featured":"1","show_post_meta":"1","show_post_author":"1","show_post_author_image":"0","show_post_date":"1","post_date_format":"default","post_date_format_custom":"Y\/m\/d","show_post_category":"1","show_post_reading_time":"0","post_reading_time_wpm":"300","show_zoom_button":"0","zoom_button_out_step":"2","zoom_button_in_step":"3","show_post_tag":"1","show_prev_next_post":"0","show_popup_post":"1","number_popup_post":"1","show_author_box":"0","show_post_related":"0","show_inline_post_related":"0"}],"override_image_size":"0","image_override":[{"single_post_thumbnail_size":"crop-500","single_post_gallery_size":"crop-500"}],"trending_post":"0","trending_post_position":"meta","trending_post_label":"Trending","sponsored_post":"0","sponsored_post_label":"Sponsored by","sponsored_post_name":"","sponsored_post_url":"","sponsored_post_logo_enable":"0","sponsored_post_logo":"","sponsored_post_desc":"","disable_ad":"0"},"jnews_primary_category":{"id":"","hide":""},"footnotes":""},"categories":[3],"tags":[869,315,244,585,870,871],"class_list":["post-1154","post","type-post","status-publish","format-standard","has-post-thumbnail","hentry","category-danmark","tag-cykellygter","tag-gjensidige","tag-henrik-sagild","tag-kantar-public","tag-lygteloven","tag-lys-paa-cyklen"],"_links":{"self":[{"href":"https:\/\/www.dknyheder.dk\/da-dk\/wp-json\/wp\/v2\/posts\/1154","targetHints":{"allow":["GET"]}}],"collection":[{"href":"https:\/\/www.dknyheder.dk\/da-dk\/wp-json\/wp\/v2\/posts"}],"about":[{"href":"https:\/\/www.dknyheder.dk\/da-dk\/wp-json\/wp\/v2\/types\/post"}],"author":[{"embeddable":true,"href":"https:\/\/www.dknyheder.dk\/da-dk\/wp-json\/wp\/v2\/users\/2"}],"replies":[{"embeddable":true,"href":"https:\/\/www.dknyheder.dk\/da-dk\/wp-json\/wp\/v2\/comments?post=1154"}],"version-history":[{"count":0,"href":"https:\/\/www.dknyheder.dk\/da-dk\/wp-json\/wp\/v2\/posts\/1154\/revisions"}],"wp:featuredmedia":[{"embeddable":true,"href":"https:\/\/www.dknyheder.dk\/da-dk\/wp-json\/wp\/v2\/media\/1155"}],"wp:attachment":[{"href":"https:\/\/www.dknyheder.dk\/da-dk\/wp-json\/wp\/v2\/media?parent=1154"}],"wp:term":[{"taxonomy":"category","embeddable":true,"href":"https:\/\/www.dknyheder.dk\/da-dk\/wp-json\/wp\/v2\/categories?post=1154"},{"taxonomy":"post_tag","embeddable":true,"href":"https:\/\/www.dknyheder.dk\/da-dk\/wp-json\/wp\/v2\/tags?post=1154"}],"curies":[{"name":"wp","href":"https:\/\/api.w.org\/{rel}","templated":true}]}}