{"id":1160,"date":"2023-10-25T16:33:38","date_gmt":"2023-10-25T14:33:38","guid":{"rendered":"https:\/\/www.dknyheder.dk\/da-dk\/?p=1160"},"modified":"2024-06-15T03:33:52","modified_gmt":"2024-06-15T01:33:52","slug":"mennesker-med-handicap-bliver-behandlet-som-mindre-vaerd-i-danmark","status":"publish","type":"post","link":"https:\/\/www.dknyheder.dk\/da-dk\/danmark\/mennesker-med-handicap-bliver-behandlet-som-mindre-vaerd-i-danmark\/1160\/","title":{"rendered":"Mennesker med handicap bliver behandlet som mindre v\u00e6rd i Danmark"},"content":{"rendered":"<p>Hovedresultaterne i en ny befolkningsunders\u00f8gelse om danskernes syn p\u00e5 mennesker med handicap viser, at vi som samfund langt fra ser p\u00e5 mennesker med handicap som ligev\u00e6rdige. Det er selvom, at 86 procent af danskerne siger, at de har en relation til en person med handicap<\/p>\n<p>En tredjedel af danskerne mener nemlig, at de fleste behandler mennesker med handicap som mindre v\u00e6rd. Samtidig siger fire ud af ti, at st\u00f8rstedelen af danskerne ignorerer mennesker med handicap.<\/p>\n<p>Det v\u00e6kker bekymring hos Danske Handicaporganisationer og Det Centrale Handicapr\u00e5d.<\/p>\n<p>\u201dDer er brug for at forbedre danskernes syn p\u00e5 mennesker med handicap. Det m\u00e5 v\u00e6re et wake up call til os alle, n\u00e5r s\u00e5 mange i den danske befolkning synes, at vi i Danmark behandler mennesker med handicap som mindre v\u00e6rd. Jeg tror p\u00e5, at vi skal s\u00e6tte ind tre forskellige steder,&#8221; siger Thorkild Olesen og forts\u00e6tter<\/p>\n<p>&#8220;Vi skal have flere mennesker med handicap med i f\u00e6llesskabet inden for uddannelse, arbejdsmarkedet og fritidslivet. Der er ogs\u00e5 brug for flere rollemodeller og bedre repr\u00e6sentation af mennesker med handicap i samfundets forskellige arenaer som fx film, musik og i byr\u00e5d. Og s\u00e5 er der brug for at \u00e6ndre m\u00e5den, som vi taler om mennesker med handicap p\u00e5.&#8221;<\/p>\n<p>Han bakkes op af formanden i Det Centrale Handicapr\u00e5d, der peger p\u00e5 behov for \u00f8get inklusion, viden og bek\u00e6mpelse af fordomme om handicap:<\/p>\n<p>\u201dI unders\u00f8gelsen svarer fire ud af fem, at det er vigtigt for dem, at mennesker med handicap har lige muligheder p\u00e5 en r\u00e6kke omr\u00e5der. Det tyder derfor p\u00e5, at det ikke er de gode intentioner, der mangler, men at problemerne n\u00e6rmere skyldes usikkerhed, uvidenhed og ubevidste fordomme,\u201d udtaler formand for Det Centrale Handicapr\u00e5d Mogens Lindhard, som i den forbindelse g\u00f8r opm\u00e6rksom p\u00e5, at hele syv ud af ti i unders\u00f8gelsen mener, at de fleste danskere er usikre p\u00e5, hvordan man omg\u00e5s mennesker med handicap.<\/p>\n<p>\u201dDet er derfor vigtigt, at vi styrker indsatsen for at inkludere mennesker med handicap i samfundet p\u00e5 lige fod med alle andre, udbreder viden og bek\u00e6mper negative holdninger og fordomme. I DCH er vi for eksempel p\u00e5 vej med en ny holdningskampagne, der netop har til form\u00e5l at bek\u00e6mpe fordomme. Det er nemlig \u00e6rgerligt, n\u00e5r holdninger st\u00e5r i vejen for, at mennesker med handicap kan tage del i samfundets f\u00e6llesskaber,\u201d slutter han.<\/p>\n<h3>Fakta om unders\u00f8gelsen:<\/h3>\n<p>Analyse- og konsulentfirmaet Moos-Bjerre har p\u00e5 vegne af Danske Handicaporganisationer og Det Centrale Handicapr\u00e5d gennemf\u00f8rt en repr\u00e6sentativ befolkningsunders\u00f8gelse blandt 4.383 danskere over 16 \u00e5r.<\/p>\n<p>Dataindsamlingen er gennemf\u00f8rt i perioden 7. august til 31. august 2023.<\/p>\n<p>Unders\u00f8gelsen belyser befolkningens viden, kendskab og holdninger til mennesker med et l\u00e6ngerevarende helbredsproblem eller handicap, herunder psykiske lidelse.<\/p>\n<p>Der er blevet set p\u00e5 forskellige faktorer som alder, k\u00f8n, region og uddannelsesniveau.<\/p>\n<h3>Danske Handicaporganisationer<\/h3>\n<p>Danske Handicaporganisationer (DH) er det f\u00e6lles taler\u00f8r for 35 handicaporganisationer og repr\u00e6senterer omkring 340.000 mennesker med alle typer af handicap.<\/p>\n","protected":false},"excerpt":{"rendered":"<p>Danskerne har brug for et bedre syn p\u00e5 mennesker med handicap, lyder det fra Det Centrale Handicapr\u00e5d (DCH) og Danske Handicaporganisationer (DH).<\/p>\n","protected":false},"author":2,"featured_media":1161,"comment_status":"closed","ping_status":"open","sticky":false,"template":"","format":"standard","meta":{"jnews-multi-image_gallery":[],"jnews_single_post":{"source_name":"","source_url":"","via_name":"","via_url":"","override_template":"0","override":[{"template":"7","single_blog_custom":"","parallax":"1","fullscreen":"0","layout":"right-sidebar","sidebar":"right-content","second_sidebar":"default-sidebar","sticky_sidebar":"1","share_position":"hide","share_float_style":"share-normal","show_share_counter":"1","show_view_counter":"1","show_featured":"1","show_post_meta":"1","show_post_author":"1","show_post_author_image":"0","show_post_date":"1","post_date_format":"default","post_date_format_custom":"Y\/m\/d","show_post_category":"1","show_post_reading_time":"0","post_reading_time_wpm":"300","show_zoom_button":"0","zoom_button_out_step":"2","zoom_button_in_step":"3","show_post_tag":"1","show_prev_next_post":"0","show_popup_post":"1","number_popup_post":"1","show_author_box":"0","show_post_related":"0","show_inline_post_related":"0"}],"override_image_size":"0","image_override":[{"single_post_thumbnail_size":"crop-500","single_post_gallery_size":"crop-500"}],"trending_post":"0","trending_post_position":"meta","trending_post_label":"Trending","sponsored_post":"0","sponsored_post_label":"Sponsored by","sponsored_post_name":"","sponsored_post_url":"","sponsored_post_logo_enable":"0","sponsored_post_logo":"","sponsored_post_desc":"","disable_ad":"0"},"jnews_primary_category":{"id":"","hide":""},"footnotes":""},"categories":[3],"tags":[880,881,877,878,879,590],"class_list":["post-1160","post","type-post","status-publish","format-standard","has-post-thumbnail","hentry","category-danmark","tag-danske-handicaporganisationer-dh","tag-det-centrale-handicapraad-dch","tag-handicap","tag-handicappede","tag-mindre-vaerd","tag-undersoegelse"],"_links":{"self":[{"href":"https:\/\/www.dknyheder.dk\/da-dk\/wp-json\/wp\/v2\/posts\/1160","targetHints":{"allow":["GET"]}}],"collection":[{"href":"https:\/\/www.dknyheder.dk\/da-dk\/wp-json\/wp\/v2\/posts"}],"about":[{"href":"https:\/\/www.dknyheder.dk\/da-dk\/wp-json\/wp\/v2\/types\/post"}],"author":[{"embeddable":true,"href":"https:\/\/www.dknyheder.dk\/da-dk\/wp-json\/wp\/v2\/users\/2"}],"replies":[{"embeddable":true,"href":"https:\/\/www.dknyheder.dk\/da-dk\/wp-json\/wp\/v2\/comments?post=1160"}],"version-history":[{"count":0,"href":"https:\/\/www.dknyheder.dk\/da-dk\/wp-json\/wp\/v2\/posts\/1160\/revisions"}],"wp:featuredmedia":[{"embeddable":true,"href":"https:\/\/www.dknyheder.dk\/da-dk\/wp-json\/wp\/v2\/media\/1161"}],"wp:attachment":[{"href":"https:\/\/www.dknyheder.dk\/da-dk\/wp-json\/wp\/v2\/media?parent=1160"}],"wp:term":[{"taxonomy":"category","embeddable":true,"href":"https:\/\/www.dknyheder.dk\/da-dk\/wp-json\/wp\/v2\/categories?post=1160"},{"taxonomy":"post_tag","embeddable":true,"href":"https:\/\/www.dknyheder.dk\/da-dk\/wp-json\/wp\/v2\/tags?post=1160"}],"curies":[{"name":"wp","href":"https:\/\/api.w.org\/{rel}","templated":true}]}}