{"id":1377,"date":"2023-11-20T22:36:20","date_gmt":"2023-11-20T21:36:20","guid":{"rendered":"https:\/\/www.dknyheder.dk\/da-dk\/?p=1377"},"modified":"2024-06-15T03:38:51","modified_gmt":"2024-06-15T01:38:51","slug":"black-friday-2023-flere-vil-koebe-mere-og-bruge-flere-penge","status":"publish","type":"post","link":"https:\/\/www.dknyheder.dk\/da-dk\/danmark\/black-friday-2023-flere-vil-koebe-mere-og-bruge-flere-penge\/1377\/","title":{"rendered":"Black Friday 2023: Flere vil k\u00f8be mere og bruge flere penge"},"content":{"rendered":"<p>Dansk Industris branche for handel, DI Handel, har i de seneste 4 \u00e5r spurgt danskerne om deres holdninger til og adf\u00e6rd p\u00e5 Black Friday. Resultatet af Black Friday 2023 unders\u00f8gelsen med over 1.000 danskere viser, at detailhandlerne kan se frem til en god Black Friday p\u00e5 trods af, at danskerne ser mere pessimistisk p\u00e5 deres \u00f8konomi.   <\/p>\n<h3>Vil bruge flere penge<\/h3>\n<p>Hele 62 procent af danskerne siger i unders\u00f8gelsen, at de har planer om at g\u00e5 p\u00e5 tilbudsjagt p\u00e5 \u00e5rets Black Friday. Det er en stigning p\u00e5 10 procentpoint fra 2022, hvor det alts\u00e5 kun var 52 procent af danskerne, som var potentielle k\u00f8bere til Black Friday. S\u00e6rligt for de unge (18-29-\u00e5rige) er der en stor andel (82 procent) af de potentielle k\u00f8bere til \u00e5rets Black Friday. Generelt g\u00f8r det sig g\u00e6ldende, at jo \u00e6ldre man er, desto mindre forventer man at foretage k\u00f8b til Black Friday i \u00e5r.  <\/p>\n<p>&#8211; Det er gl\u00e6deligt at l\u00e6se de positive tegn fra forbrugerne, for selvom de h\u00f8je energipriser og den h\u00f8je inflation er i retr\u00e6te, s\u00e5 er forbrugerstemningen fortsat lav. Branchen g\u00e5r ind i \u00e5rets vigtigste periode, og det er alts\u00e5 guld, n\u00e5r vi i unders\u00f8gelsen ser kombinationen af flere potentielle k\u00f8bere, der vil bruge flere penge. Det er godt nyt for erhvervslivet, siger branchedirekt\u00f8r Jacob Kjeldsen, DI Handel.  <\/p>\n<p>Udover at der er flere, der siger, de vil handle p\u00e5 Black Friday i 2023, s\u00e5 ser det ogs\u00e5 ud til, at de vil bruge flere penge under tilbudsperioden i \u00e5r. 23 procent af forbrugerne i 2023 forventer at bruge \u201dlidt mere\u201d eller \u201dmeget mere\u201d end under sidste \u00e5rs Black Friday, hvor andelen for samme var p\u00e5 14 procent. Andelen af Black Friday-shoppere, der forventer at bruge \u201dlidt mindre\u201d eller \u201dmeget mindre\u201d er samtidig faldet markant i \u00e5r i forhold til 2022.  <\/p>\n<p>M\u00e5lt i absolutte kroner forventer Black Friday shopperne i gennemsnittet at bruge 2.348 kr. i \u00e5r, hvilket er 17 procent h\u00f8jere end danskernes forventning i 2022 p\u00e5 2.005 kr.<\/p>\n<p><img decoding=\"async\" src=\"https:\/\/www.dknyheder.dk\/da-dk\/wp-content\/uploads\/2023\/11\/black-friday-eller-ej-2023-grafik.png\" alt=\"\" width=\"1350\" height=\"900\" class=\"alignnone size-full wp-image-1378\" srcset=\"https:\/\/www.dknyheder.dk\/da-dk\/wp-content\/uploads\/2023\/11\/black-friday-eller-ej-2023-grafik.png 1350w, https:\/\/www.dknyheder.dk\/da-dk\/wp-content\/uploads\/2023\/11\/black-friday-eller-ej-2023-grafik-300x200.png 300w, https:\/\/www.dknyheder.dk\/da-dk\/wp-content\/uploads\/2023\/11\/black-friday-eller-ej-2023-grafik-1024x683.png 1024w, https:\/\/www.dknyheder.dk\/da-dk\/wp-content\/uploads\/2023\/11\/black-friday-eller-ej-2023-grafik-768x512.png 768w, https:\/\/www.dknyheder.dk\/da-dk\/wp-content\/uploads\/2023\/11\/black-friday-eller-ej-2023-grafik-750x500.png 750w, https:\/\/www.dknyheder.dk\/da-dk\/wp-content\/uploads\/2023\/11\/black-friday-eller-ej-2023-grafik-1140x760.png 1140w\" sizes=\"(max-width: 1350px) 100vw, 1350px\" \/><\/p>\n<h3>Black Friday online<\/h3>\n<p>Det ser ogs\u00e5 ud til, at hovedparten af Black Friday 2023 kommer til at ske online. Med 46 pct., er gruppen af danskere, som forventer at foretage deres Black Friday k\u00f8b online, fortsat den st\u00f8rste gruppe.  <\/p>\n<p>Andelen er dog faldet fra 54 procent i 2020 til nu at v\u00e6re p\u00e5 46 procent i 2023, hvilket er naturligt eftersom nedlukningerne ifm. coronaepidemien er et overst\u00e5et kapitel. Derfor er andelen af omni-channel k\u00f8bere (danskere der b\u00e5de vil k\u00f8be online og offline) til Black Friday g\u00e5et fra en andel p\u00e5 22 procent i 2020 til nu at v\u00e6re p\u00e5 hele 30 procent. <\/p>\n<h3>T\u00f8j og sko hitter<\/h3>\n<p>Forbrugerne er ogs\u00e5 mere afklaret om, hvad de p\u00e5t\u00e6nker at bruge deres penge p\u00e5 under \u00e5rets Black Friday. P\u00e5 sp\u00f8rgsm\u00e5let om, hvad forbrugerne vil k\u00f8be p\u00e5 Black Friday, s\u00e5 er de ikke i tvivl. 47 procent n\u00e6vner \u201dT\u00f8j, sko og tilbeh\u00f8r\u201d. Det er en stigning p\u00e5 4 procentpoint, n\u00e5r der sammenlignes med et gennemsnit for 2020-2022.  <\/p>\n<p>Unders\u00f8gelsen viser ogs\u00e5, at produktkategorierne \u201drejser og ophold\u201d og \u201df\u00f8devarer og drikkevarer\u201d st\u00e5r for de st\u00f8rste stigninger i andelene p\u00e5 hhv. 10 og 8 procentpoint.  <\/p>\n<p>&#8211; De positive tegn fra forbrugerne om at k\u00f8be t\u00f8j og sko under \u00e5rets Black Friday 2023 er et tiltr\u00e6ngt pust til mode- og t\u00f8jbranchen, som generelt har v\u00e6ret udfordret i \u00e5r. Detailoms\u00e6tningen for t\u00f8jbranchen har i 2023 ligget under 2022 niveau og derfor er det gl\u00e6deligt, at forbrugerne vil bruge penge p\u00e5 netop dette under Black Friday, siger Jacob Kjeldsen. <\/p>\n<h3>Mere bevidste forbrugere<\/h3>\n<p>Til trods for, at der er kommet ro p\u00e5 inflationen, og usikkerheden omkring de h\u00f8je energipriser er faldet markant, er der fortsat en stor andel, som f\u00f8ler et pres p\u00e5 privat\u00f8konomien. I unders\u00f8gelsen svarer 77 procent af forbrugerne bl.a., at de er blevet mere p\u00e5passelige med, hvad de bruger deres penge p\u00e5. Dertil svarer 35 procent af forbrugerne ogs\u00e5, at deres \u00f8konomiske r\u00e5derum er blevet mindre sammenlignet med samme periode sidste \u00e5r.  <\/p>\n<p>N\u00e5r privat\u00f8konomien er stram, s\u00e5 bliver danskere enormt bevidste om, hvad de bruger penge p\u00e5. 62 procent af Black Friday shopperne mener, at de har styr p\u00e5 prisen p\u00e5 de produkter, som de forventer at k\u00f8be.  <\/p>\n<p>&#8211; Vi danskere elsker tilbud, og n\u00e5r privat\u00f8konomien er stram, s\u00e5 giver Black Friday bare enormt meget mening for os. Eneste aber dabei er, hvor meget Black Friday \u201d\u00e6der\u201d af det samlede julesalg. Der er ingen tvivl om, at julesalgsperioden starter tidligere og er blevet en naturlig del af Black Friday.  <\/p>\n<p>&#8211; Jeg ved, at det er \u00f8nsket\u00e6nkning, men jeg h\u00e5ber, at forbrugerne bruger hovedparten af \u00e5rets Black Friday budget til at k\u00f8be varer og produkter til dem selv, mens de lader juleindk\u00f8bene vente, siger Jacob Kjeldsen.<\/p>\n","protected":false},"excerpt":{"rendered":"<p>Flere danskere forventer at k\u00f8be mere og bruge flere penge til dette \u00e5rs Black Friday sammenlignet med sidste \u00e5r.<\/p>\n","protected":false},"author":2,"featured_media":1380,"comment_status":"closed","ping_status":"open","sticky":false,"template":"","format":"standard","meta":{"jnews-multi-image_gallery":[],"jnews_single_post":{"source_name":"","source_url":"","via_name":"","via_url":"","override_template":"0","override":[{"template":"7","single_blog_custom":"","parallax":"1","fullscreen":"0","layout":"right-sidebar","sidebar":"right-content","second_sidebar":"default-sidebar","sticky_sidebar":"1","share_position":"hide","share_float_style":"share-normal","show_share_counter":"1","show_view_counter":"1","show_featured":"1","show_post_meta":"1","show_post_author":"1","show_post_author_image":"0","show_post_date":"1","post_date_format":"default","post_date_format_custom":"Y\/m\/d","show_post_category":"1","show_post_reading_time":"0","post_reading_time_wpm":"300","show_zoom_button":"0","zoom_button_out_step":"2","zoom_button_in_step":"3","show_post_tag":"1","show_prev_next_post":"0","show_popup_post":"1","number_popup_post":"1","show_author_box":"0","show_post_related":"0","show_inline_post_related":"0"}],"override_image_size":"0","image_override":[{"single_post_thumbnail_size":"crop-500","single_post_gallery_size":"crop-500"}],"trending_post":"0","trending_post_position":"meta","trending_post_label":"Trending","sponsored_post":"0","sponsored_post_label":"Sponsored by","sponsored_post_name":"","sponsored_post_url":"","sponsored_post_logo_enable":"0","sponsored_post_logo":"","sponsored_post_desc":"","disable_ad":"0"},"jnews_primary_category":{"id":"","hide":""},"footnotes":""},"categories":[3],"tags":[883],"class_list":["post-1377","post","type-post","status-publish","format-standard","has-post-thumbnail","hentry","category-danmark","tag-black-friday"],"_links":{"self":[{"href":"https:\/\/www.dknyheder.dk\/da-dk\/wp-json\/wp\/v2\/posts\/1377","targetHints":{"allow":["GET"]}}],"collection":[{"href":"https:\/\/www.dknyheder.dk\/da-dk\/wp-json\/wp\/v2\/posts"}],"about":[{"href":"https:\/\/www.dknyheder.dk\/da-dk\/wp-json\/wp\/v2\/types\/post"}],"author":[{"embeddable":true,"href":"https:\/\/www.dknyheder.dk\/da-dk\/wp-json\/wp\/v2\/users\/2"}],"replies":[{"embeddable":true,"href":"https:\/\/www.dknyheder.dk\/da-dk\/wp-json\/wp\/v2\/comments?post=1377"}],"version-history":[{"count":0,"href":"https:\/\/www.dknyheder.dk\/da-dk\/wp-json\/wp\/v2\/posts\/1377\/revisions"}],"wp:featuredmedia":[{"embeddable":true,"href":"https:\/\/www.dknyheder.dk\/da-dk\/wp-json\/wp\/v2\/media\/1380"}],"wp:attachment":[{"href":"https:\/\/www.dknyheder.dk\/da-dk\/wp-json\/wp\/v2\/media?parent=1377"}],"wp:term":[{"taxonomy":"category","embeddable":true,"href":"https:\/\/www.dknyheder.dk\/da-dk\/wp-json\/wp\/v2\/categories?post=1377"},{"taxonomy":"post_tag","embeddable":true,"href":"https:\/\/www.dknyheder.dk\/da-dk\/wp-json\/wp\/v2\/tags?post=1377"}],"curies":[{"name":"wp","href":"https:\/\/api.w.org\/{rel}","templated":true}]}}