{"id":1512,"date":"2024-03-24T13:17:44","date_gmt":"2024-03-24T12:17:44","guid":{"rendered":"https:\/\/www.dknyheder.dk\/da-dk\/?p=1512"},"modified":"2024-03-24T13:17:44","modified_gmt":"2024-03-24T12:17:44","slug":"gravstenen-for-karl-edvard-nielsen-bliver-fjernet-fra-mindelunden","status":"publish","type":"post","link":"https:\/\/www.dknyheder.dk\/da-dk\/danmark\/gravstenen-for-karl-edvard-nielsen-bliver-fjernet-fra-mindelunden\/1512\/","title":{"rendered":"Gravstenen for Karl Edvard Nielsen bliver fjernet fra Mindelunden"},"content":{"rendered":"<p>Nationalmuseet har bidraget med opklaring af, at Karl Edvard Nielsen ikke var modstandsmand, men sabotagevagt, og at han sandsynligvis blev skudt ved en fejl af Gestapo i sit hjem i 1944.<\/p>\n<p>Nationalmuseet har fjernet Karl Edvard Nielsen fra modstandsdatabasen, og omtalen af ham p\u00e5 Mindelundens hjemmeside er opdateret med den nye viden. <\/p>\n<h3>Kirkeminister Morten Dahlin udtaler om beslutningen:<\/h3>\n<p>\u201dGravfred er en alvorlig sag, som skal behandles med den n\u00f8dvendige respekt. Men Mindelunden er b\u00e5de en kirkeg\u00e5rd og en vigtig p\u00e5mindelse om vores f\u00e6lles historie og prisen for et frit Danmark.<\/p>\n<p>Vi m\u00e5 aldrig glemme de modige m\u00e6nd og kvinder, som k\u00e6mpede imod nazismen og bes\u00e6ttelsesmagten med livet som indsats. Derfor skal vi selvf\u00f8lgelig ogs\u00e5 reagere, n\u00e5r vi finder ud af, at danskere, der arbejdede for bes\u00e6ttelsesmagten, bliver mindet i Mindelunden.\u201d<\/p>\n<p>I \u00e5rene umiddelbart efter bes\u00e6ttelsen skete der opgravning og sl\u00f8jfning af enkelte gravsteder, hvor det blev vurderet, at de begravede havde udvist national uv\u00e6rdig optr\u00e6den under bes\u00e6ttelsen. I de tilf\u00e6lde blev gravstenen fjernet og tilplantet med lyng. Det sker nu ogs\u00e5 for Karl Edvard Nielsens gravsten. Opgravning og flytning af de jordiske rester er dog ikke relevant efter omtrent 80 \u00e5r i jorden.<\/p>\n<figure id=\"attachment_1511\" aria-describedby=\"caption-attachment-1511\" style=\"width: 626px\" class=\"wp-caption alignnone\"><img decoding=\"async\" src=\"https:\/\/www.dknyheder.dk\/da-dk\/wp-content\/uploads\/2024\/03\/morten-dahlin_2.jpg\" alt=\"\" width=\"626\" height=\"500\" class=\"size-full wp-image-1511\" srcset=\"https:\/\/www.dknyheder.dk\/da-dk\/wp-content\/uploads\/2024\/03\/morten-dahlin_2.jpg 626w, https:\/\/www.dknyheder.dk\/da-dk\/wp-content\/uploads\/2024\/03\/morten-dahlin_2-300x240.jpg 300w\" sizes=\"(max-width: 626px) 100vw, 626px\" \/><figcaption id=\"caption-attachment-1511\" class=\"wp-caption-text\">Karl Edvard Nielsens gravsten bliver fjernet fra Mindelunden. Det kommer til at ske p\u00e5 m\u00e6rkedagen for Danmarks bes\u00e6ttelse under Anden Verdenskrig 9. april. Det oplyser kirkeminister Morten Dahlin.<\/figcaption><\/figure>\n<h3>N\u00e6rmere unders\u00f8gelse af et navn p\u00e5 Mindemuren<\/h3>\n<p>Det har siden etableringen af Mindelunden i 1945 v\u00e6ret kendt, at gravfelterne og Mindemuren i Mindelunden n\u00e6vner enkelte personer, som ikke havde tilknytning til modstandskampen, men som d\u00f8de i tysk varet\u00e6gt, enten i Danmark eller i bl.a. kz-lejre.<\/p>\n<p>Disse personer er ogs\u00e5 l\u00f8bende blevet vurderet, n\u00e5r der er kommet oplysninger frem om, at de har v\u00e6ret kriminelle eller arbejdet for bes\u00e6ttelsesmagten.<\/p>\n<p>Vurderingen er dog afh\u00e6ngig af tilg\u00e6ngeligt arkivmateriale, herunder PET\u2019s arkiver fra bes\u00e6ttelsen, som er klausulerede indtil 2025.<\/p>\n<p>En af disse personer er en stud.jur. Henning J\u00f8rgensen, som blev deporteret til kz-lejren Buchenwald for at v\u00e6re homoseksuel og d\u00f8de d\u00e9r. Der har v\u00e6ret rygter om, at Henning J\u00f8rgensen var nazist, men tidligere unders\u00f8gelser i bl.a. tyske arkiver har ikke fundet dokumentation herfor.<\/p>\n<p>P\u00e5 baggrund af medieomtale i Weekendavisen den 15. marts 2024 har By-, Land- og Kirkeministeriet dog bedt Mindelunden om at udarbejde en plan for en n\u00e6rmere unders\u00f8gelse af Henning J\u00f8rgensens baggrund med henblik p\u00e5 en vurdering af, om hans navn skal fjernes fra Mindemuren.<\/p>\n<p>Unders\u00f8gelsen kan om n\u00f8dvendigt afvente frigivelsen af PET\u2019s arkiver, der blandt andet rummer Bovrupkartoteket og en r\u00e6kke andre dokumenter om danskere i tysk-nazistisk tjeneste. <\/p>\n","protected":false},"excerpt":{"rendered":"<p>Kirkeminister Morten Dahlin har besluttet, at Karl Edvard Nielsens gravsten skal fjernes fra Det Store Gravfelt i Mindelunden for modstandsfolk under den tyske bes\u00e6ttelse.<\/p>\n","protected":false},"author":2,"featured_media":1510,"comment_status":"closed","ping_status":"open","sticky":false,"template":"","format":"standard","meta":{"jnews-multi-image_gallery":[],"jnews_single_post":{"source_name":"","source_url":"","via_name":"","via_url":"","override_template":"0","override":[{"template":"7","single_blog_custom":"","parallax":"1","fullscreen":"0","layout":"right-sidebar","sidebar":"right-content","second_sidebar":"default-sidebar","sticky_sidebar":"1","share_position":"hide","share_float_style":"share-normal","show_share_counter":"1","show_view_counter":"1","show_featured":"1","show_post_meta":"1","show_post_author":"1","show_post_author_image":"0","show_post_date":"1","post_date_format":"default","post_date_format_custom":"Y\/m\/d","show_post_category":"1","show_post_reading_time":"0","post_reading_time_wpm":"300","show_zoom_button":"0","zoom_button_out_step":"2","zoom_button_in_step":"3","show_post_tag":"1","show_prev_next_post":"0","show_popup_post":"1","number_popup_post":"1","show_author_box":"0","show_post_related":"0","show_inline_post_related":"0"}],"override_image_size":"0","image_override":[{"single_post_thumbnail_size":"crop-500","single_post_gallery_size":"crop-500"}],"trending_post":"0","trending_post_position":"meta","trending_post_label":"Trending","sponsored_post":"0","sponsored_post_label":"Sponsored by","sponsored_post_name":"","sponsored_post_url":"","sponsored_post_logo_enable":"0","sponsored_post_logo":"","sponsored_post_desc":"","disable_ad":"0"},"jnews_primary_category":{"id":"","hide":""},"footnotes":""},"categories":[3],"tags":[],"class_list":["post-1512","post","type-post","status-publish","format-standard","has-post-thumbnail","hentry","category-danmark"],"_links":{"self":[{"href":"https:\/\/www.dknyheder.dk\/da-dk\/wp-json\/wp\/v2\/posts\/1512","targetHints":{"allow":["GET"]}}],"collection":[{"href":"https:\/\/www.dknyheder.dk\/da-dk\/wp-json\/wp\/v2\/posts"}],"about":[{"href":"https:\/\/www.dknyheder.dk\/da-dk\/wp-json\/wp\/v2\/types\/post"}],"author":[{"embeddable":true,"href":"https:\/\/www.dknyheder.dk\/da-dk\/wp-json\/wp\/v2\/users\/2"}],"replies":[{"embeddable":true,"href":"https:\/\/www.dknyheder.dk\/da-dk\/wp-json\/wp\/v2\/comments?post=1512"}],"version-history":[{"count":0,"href":"https:\/\/www.dknyheder.dk\/da-dk\/wp-json\/wp\/v2\/posts\/1512\/revisions"}],"wp:featuredmedia":[{"embeddable":true,"href":"https:\/\/www.dknyheder.dk\/da-dk\/wp-json\/wp\/v2\/media\/1510"}],"wp:attachment":[{"href":"https:\/\/www.dknyheder.dk\/da-dk\/wp-json\/wp\/v2\/media?parent=1512"}],"wp:term":[{"taxonomy":"category","embeddable":true,"href":"https:\/\/www.dknyheder.dk\/da-dk\/wp-json\/wp\/v2\/categories?post=1512"},{"taxonomy":"post_tag","embeddable":true,"href":"https:\/\/www.dknyheder.dk\/da-dk\/wp-json\/wp\/v2\/tags?post=1512"}],"curies":[{"name":"wp","href":"https:\/\/api.w.org\/{rel}","templated":true}]}}