{"id":1567,"date":"2024-04-06T22:45:34","date_gmt":"2024-04-06T20:45:34","guid":{"rendered":"https:\/\/www.dknyheder.dk\/da-dk\/?p=1567"},"modified":"2024-04-06T22:45:34","modified_gmt":"2024-04-06T20:45:34","slug":"antallet-af-faengselsbetjente-falder-fortsat-i-2023","status":"publish","type":"post","link":"https:\/\/www.dknyheder.dk\/da-dk\/danmark\/antallet-af-faengselsbetjente-falder-fortsat-i-2023\/1567\/","title":{"rendered":"Antallet af f\u00e6ngselsbetjente falder fortsat i 2023"},"content":{"rendered":"<p>Det blev heller ikke i 2023, at ti \u00e5rs tilbagegang i bemandingen i f\u00e6ngslerne blev stoppet. Trods ih\u00e6rdige rekrutteringskampagner blev \u00e5rets resultat endnu et minus. Det er 11. \u00e5r i tr\u00e6k med nedgang.<\/p>\n<p>Hvor der i 2022 i gennemsnit var 1.897 f\u00e6ngselsbetjente, er tallet 1.875 i 2023.<\/p>\n<p>Da forligspartierne p\u00e5 Christiansborg indgik fler\u00e5rsaftalen for tre \u00e5r siden, var det ellers med en overskrift om \u2019Mere uniformeret personale\u2019 og et konkret m\u00e5l om en nettotilgang p\u00e5 300 f\u00e6ngselsbetjente.<\/p>\n<p>M\u00e5let var at \u00f8ge bemandingen i l\u00f8bet af fem \u00e5r til knap 2.300 i 2026.<\/p>\n<p>Men status p\u00e5 den m\u00e5ls\u00e6tning er lige nu et minus p\u00e5 100.<\/p>\n<p>Hvis fler\u00e5rsaftalen skal indfries, kr\u00e6ver det en nettov\u00e6kst p\u00e5 400 betjente i l\u00f8bet af de n\u00e6ste to \u00e5r. Det er ikke realistisk.<\/p>\n<p><img decoding=\"async\" src=\"https:\/\/www.dknyheder.dk\/da-dk\/wp-content\/uploads\/2024\/04\/faengselsbetjente_1.jpg\" alt=\"\" width=\"1260\" height=\"840\" class=\"alignnone size-full wp-image-1568\" srcset=\"https:\/\/www.dknyheder.dk\/da-dk\/wp-content\/uploads\/2024\/04\/faengselsbetjente_1.jpg 1260w, https:\/\/www.dknyheder.dk\/da-dk\/wp-content\/uploads\/2024\/04\/faengselsbetjente_1-300x200.jpg 300w, https:\/\/www.dknyheder.dk\/da-dk\/wp-content\/uploads\/2024\/04\/faengselsbetjente_1-1024x683.jpg 1024w, https:\/\/www.dknyheder.dk\/da-dk\/wp-content\/uploads\/2024\/04\/faengselsbetjente_1-768x512.jpg 768w, https:\/\/www.dknyheder.dk\/da-dk\/wp-content\/uploads\/2024\/04\/faengselsbetjente_1-750x500.jpg 750w, https:\/\/www.dknyheder.dk\/da-dk\/wp-content\/uploads\/2024\/04\/faengselsbetjente_1-1140x760.jpg 1140w\" sizes=\"(max-width: 1260px) 100vw, 1260px\" \/><\/p>\n<h3>Anden fler\u00e5rsaftale i tr\u00e6k<\/h3>\n<p>Det g\u00e5r desv\u00e6rre ikke s\u00e5 godt med at indfri de politiske \u00f8nsker om at \u00f8ge bemandingen i Kriminalforsorgen &#8211; heller ikke historisk set.<\/p>\n<p>Da S\u00f8ren Pape Poulsen (K) var justitsminister og indgik fler\u00e5rsaftalen i 2017, lovede han 250 flere betjente frem til 2021. Det ville \u00f8ge bemandingen til 2.600 betjente.<\/p>\n<p>Men da aftaleperioden sluttede, kunne der konstateres r\u00f8de tal. I stedet for en stigning p\u00e5 250 betjente, var antallet faldet med over 300.<\/p>\n<h3>G\u00f8re en forskel<\/h3>\n<p>F\u00e6ngselsforbundets formand Bo Yde S\u00f8rensen \u00e6rgrer sig over, at det stadig g\u00e5r den forkerte vej.<\/p>\n<p>\u201dVi er glade for det politiske \u00f8nske om flere f\u00e6ngselsbetjente. Jeg kunne dog godt \u00f8nske mig, at det ogs\u00e5 manifesterer sig i personalestatistikken. Jeg h\u00e5ber, det bliver synligt, n\u00e5r det nu bliver mere \u00f8konomisk tillokkende at komme i uniform med de nye l\u00f8naftaler, vi har forhandlet p\u00e5 plads.\u201d<\/p>\n<p>Formanden ser det dog som en n\u00f8dvendighed, at jobbet ogs\u00e5 udvikles fagligt set.<\/p>\n<p>\u201dDet skal v\u00e6re attraktivt at g\u00f8re en forskel i Kriminalforsorgen. Det er den m\u00e5de, vi holder p\u00e5 vores folk,\u201d siger Bo Yde S\u00f8rensen.<\/p>\n<h3>Om F\u00e6ngselsforbundet<\/h3>\n<p>F\u00e6ngselsforbundet har cirka 3.500 medlemmer og repr\u00e6senterer f\u00e6ngselsbetjente, transportbetjente, institutionsmedarbejdere, v\u00e6rkmestre og uniformerede ledere i Kriminalforsorgen i Danmark, Gr\u00f8nland og p\u00e5 F\u00e6r\u00f8erne.<\/p>\n<p>Desuden repr\u00e6senterer forbundet fiskerikontroll\u00f8rer i Fiskeristyrelsen. Vi er uafh\u00e6ngige af partipolitik og fokuserer alene p\u00e5 at forbedre vores medlemmers arbejdsliv.<\/p>\n","protected":false},"excerpt":{"rendered":"<p>Det er ikke l\u00e6ngere muligt at n\u00e5 det politiske m\u00e5l om 300 flere f\u00e6ngselsbetjente i 2026.<\/p>\n","protected":false},"author":2,"featured_media":1569,"comment_status":"closed","ping_status":"open","sticky":false,"template":"","format":"standard","meta":{"jnews-multi-image_gallery":[],"jnews_single_post":{"source_name":"","source_url":"","via_name":"","via_url":"","override_template":"0","override":[{"template":"7","single_blog_custom":"","parallax":"1","fullscreen":"0","layout":"right-sidebar","sidebar":"right-content","second_sidebar":"default-sidebar","sticky_sidebar":"1","share_position":"hide","share_float_style":"share-normal","show_share_counter":"1","show_view_counter":"1","show_featured":"1","show_post_meta":"1","show_post_author":"1","show_post_author_image":"0","show_post_date":"1","post_date_format":"default","post_date_format_custom":"Y\/m\/d","show_post_category":"1","show_post_reading_time":"0","post_reading_time_wpm":"300","show_zoom_button":"0","zoom_button_out_step":"2","zoom_button_in_step":"3","show_post_tag":"1","show_prev_next_post":"0","show_popup_post":"1","number_popup_post":"1","show_author_box":"0","show_post_related":"0","show_inline_post_related":"0"}],"override_image_size":"0","image_override":[{"single_post_thumbnail_size":"crop-500","single_post_gallery_size":"crop-500"}],"trending_post":"0","trending_post_position":"meta","trending_post_label":"Trending","sponsored_post":"0","sponsored_post_label":"Sponsored by","sponsored_post_name":"","sponsored_post_url":"","sponsored_post_logo_enable":"0","sponsored_post_logo":"","sponsored_post_desc":"","disable_ad":"0"},"jnews_primary_category":{"id":"","hide":""},"footnotes":""},"categories":[3],"tags":[],"class_list":["post-1567","post","type-post","status-publish","format-standard","has-post-thumbnail","hentry","category-danmark"],"_links":{"self":[{"href":"https:\/\/www.dknyheder.dk\/da-dk\/wp-json\/wp\/v2\/posts\/1567","targetHints":{"allow":["GET"]}}],"collection":[{"href":"https:\/\/www.dknyheder.dk\/da-dk\/wp-json\/wp\/v2\/posts"}],"about":[{"href":"https:\/\/www.dknyheder.dk\/da-dk\/wp-json\/wp\/v2\/types\/post"}],"author":[{"embeddable":true,"href":"https:\/\/www.dknyheder.dk\/da-dk\/wp-json\/wp\/v2\/users\/2"}],"replies":[{"embeddable":true,"href":"https:\/\/www.dknyheder.dk\/da-dk\/wp-json\/wp\/v2\/comments?post=1567"}],"version-history":[{"count":0,"href":"https:\/\/www.dknyheder.dk\/da-dk\/wp-json\/wp\/v2\/posts\/1567\/revisions"}],"wp:featuredmedia":[{"embeddable":true,"href":"https:\/\/www.dknyheder.dk\/da-dk\/wp-json\/wp\/v2\/media\/1569"}],"wp:attachment":[{"href":"https:\/\/www.dknyheder.dk\/da-dk\/wp-json\/wp\/v2\/media?parent=1567"}],"wp:term":[{"taxonomy":"category","embeddable":true,"href":"https:\/\/www.dknyheder.dk\/da-dk\/wp-json\/wp\/v2\/categories?post=1567"},{"taxonomy":"post_tag","embeddable":true,"href":"https:\/\/www.dknyheder.dk\/da-dk\/wp-json\/wp\/v2\/tags?post=1567"}],"curies":[{"name":"wp","href":"https:\/\/api.w.org\/{rel}","templated":true}]}}