{"id":1605,"date":"2024-04-20T23:57:32","date_gmt":"2024-04-20T21:57:32","guid":{"rendered":"https:\/\/www.dknyheder.dk\/da-dk\/?p=1605"},"modified":"2024-04-20T23:57:32","modified_gmt":"2024-04-20T21:57:32","slug":"pernille-skipper-saetter-sig-i-coop-a-m-b-a-formandsstolen","status":"publish","type":"post","link":"https:\/\/www.dknyheder.dk\/da-dk\/erhverv\/pernille-skipper-saetter-sig-i-coop-a-m-b-a-formandsstolen\/1605\/","title":{"rendered":"Pernille Skipper s\u00e6tter sig i Coop a.m.b.a. formandsstolen"},"content":{"rendered":"<p>Foreningen bag Coop, Coop amba, valgte p\u00e5 landsr\u00e5dsm\u00f8det i Middelfart l\u00f8rdag ny bestyrelse. Pernille Skipper blev valgt til formand, og dermed bliver hun den 11. formand, siden Severin J\u00f8rgensen i 1896 sad for bordenden i F\u00e6llesforeningen for Danmarks Brugsforeninger (FDB). Pernille Skipper afl\u00f8ser Lasse Bolander, der efter 16 \u00e5r p\u00e5 posten ikke genopstiller.<\/p>\n<p>\u201dJeg er meget taknemmelig for tilliden. Med den meget klare opbakning fra landsr\u00e5det til aftalen med OK er fundamentet for andelsbev\u00e6gelsen version 2.0 lagt. Nu skal huset bygges. Vi skal involvere mange flere af vores 2 millioner medlemmer og blive langt skarpere p\u00e5 Coops s\u00e6rlige v\u00e6rdier \u2013 vores lokale forankring, b\u00e6redygtighed og medlemseje. Jeg gl\u00e6der mig rigtig meget til samarbejdet med b\u00e5de Coop Danmark, vores mange medlemsvalgte og ikke mindst de mange ansatte,\u201d siger Pernille Skipper.<\/p>\n<figure id=\"attachment_1607\" aria-describedby=\"caption-attachment-1607\" style=\"width: 1200px\" class=\"wp-caption alignnone\"><img decoding=\"async\" src=\"https:\/\/www.dknyheder.dk\/da-dk\/wp-content\/uploads\/2024\/04\/pernille-skipper_2.jpg\" alt=\"\" width=\"1200\" height=\"1200\" class=\"size-full wp-image-1607\" srcset=\"https:\/\/www.dknyheder.dk\/da-dk\/wp-content\/uploads\/2024\/04\/pernille-skipper_2.jpg 1200w, https:\/\/www.dknyheder.dk\/da-dk\/wp-content\/uploads\/2024\/04\/pernille-skipper_2-300x300.jpg 300w, https:\/\/www.dknyheder.dk\/da-dk\/wp-content\/uploads\/2024\/04\/pernille-skipper_2-1024x1024.jpg 1024w, https:\/\/www.dknyheder.dk\/da-dk\/wp-content\/uploads\/2024\/04\/pernille-skipper_2-150x150.jpg 150w, https:\/\/www.dknyheder.dk\/da-dk\/wp-content\/uploads\/2024\/04\/pernille-skipper_2-768x768.jpg 768w, https:\/\/www.dknyheder.dk\/da-dk\/wp-content\/uploads\/2024\/04\/pernille-skipper_2-75x75.jpg 75w, https:\/\/www.dknyheder.dk\/da-dk\/wp-content\/uploads\/2024\/04\/pernille-skipper_2-350x350.jpg 350w, https:\/\/www.dknyheder.dk\/da-dk\/wp-content\/uploads\/2024\/04\/pernille-skipper_2-750x750.jpg 750w, https:\/\/www.dknyheder.dk\/da-dk\/wp-content\/uploads\/2024\/04\/pernille-skipper_2-1140x1140.jpg 1140w\" sizes=\"(max-width: 1200px) 100vw, 1200px\" \/><figcaption id=\"caption-attachment-1607\" class=\"wp-caption-text\">Pernille Skipper er ny formand for Coop ambas bestyrelse. Foto: Steven Biccard<\/figcaption><\/figure>\n<p>Aftalen med OK a.m.b.a. betyder blandet andet, at Coop Danmark f\u00e5r tilf\u00f8rt to milliarder kroner i ny kapital. Coop amba og OK a.m.b.a. skyder i udgangspunktet hver en milliard ind i Coop Danmark og f\u00e5r dermed cirka halvdelen af ejerskabet hver. Samtidig f\u00e5r OK a.m.b.a. bestemmende indflydelse over Coop Danmark.<\/p>\n<p>Ud over formandsvalget var der valg til to ledige bestyrelsesposter i Coop amba, som efter afstemning gik til Morten Ren\u00e9 Pedersen, medlem af bestyrelsen i Fjerritslev &amp; omegns Brugsforening, og Rasmus Willig, medlem af bestyrelsen for SuperBrugsen Hellerup.<\/p>\n<h3>Coop ambas bestyrelse best\u00e5r herefter af:<\/h3>\n<ul>\n<li>Pernille Skipper (formand)<\/li>\n<li>Christian Busch (n\u00e6stformand)<\/li>\n<li>Krista Skovgaard Hansen (medarbejderrepr\u00e6sentant)<\/li>\n<li>Carsten Bank-Mikkelsen<\/li>\n<li>Kirsten Herl\u00f8v<\/li>\n<li>Kristine Martin Berg<\/li>\n<li>Mads Svaneklink<\/li>\n<li>Peter Nielsen<\/li>\n<li>Morten Ren\u00e9 Pedersen<\/li>\n<li>Rasmus Willig<\/li>\n<li>Niels Mayland (tilforordnet &#8211; formand for landsr\u00e5det)<\/li>\n<li>Kristian Herlufsen (tilforordnet \u2013 Coop amba medarbejderrepr\u00e6sentant)<\/li>\n<\/ul>\n","protected":false},"excerpt":{"rendered":"<p>Coops landsr\u00e5d, der fredag tiltr\u00e5dte en historisk aftale med OK a.m.b.a., valgte l\u00f8rdag ny bestyrelse. Pernille Skipper blev valgt til formand uden modkandidater.<\/p>\n","protected":false},"author":2,"featured_media":1606,"comment_status":"closed","ping_status":"open","sticky":false,"template":"","format":"standard","meta":{"jnews-multi-image_gallery":[],"jnews_single_post":{"source_name":"","source_url":"","via_name":"","via_url":"","override_template":"0","override":[{"template":"7","single_blog_custom":"","parallax":"1","fullscreen":"0","layout":"right-sidebar","sidebar":"right-content","second_sidebar":"default-sidebar","sticky_sidebar":"1","share_position":"hide","share_float_style":"share-normal","show_share_counter":"1","show_view_counter":"1","show_featured":"1","show_post_meta":"1","show_post_author":"1","show_post_author_image":"0","show_post_date":"1","post_date_format":"default","post_date_format_custom":"Y\/m\/d","show_post_category":"1","show_post_reading_time":"0","post_reading_time_wpm":"300","show_zoom_button":"0","zoom_button_out_step":"2","zoom_button_in_step":"3","show_post_tag":"1","show_prev_next_post":"0","show_popup_post":"1","number_popup_post":"1","show_author_box":"0","show_post_related":"0","show_inline_post_related":"0"}],"override_image_size":"0","image_override":[{"single_post_thumbnail_size":"crop-500","single_post_gallery_size":"crop-500"}],"trending_post":"0","trending_post_position":"meta","trending_post_label":"Trending","sponsored_post":"0","sponsored_post_label":"Sponsored by","sponsored_post_name":"","sponsored_post_url":"","sponsored_post_logo_enable":"0","sponsored_post_logo":"","sponsored_post_desc":"","disable_ad":"0"},"jnews_primary_category":{"id":"","hide":""},"footnotes":""},"categories":[10],"tags":[],"class_list":["post-1605","post","type-post","status-publish","format-standard","has-post-thumbnail","hentry","category-erhverv"],"_links":{"self":[{"href":"https:\/\/www.dknyheder.dk\/da-dk\/wp-json\/wp\/v2\/posts\/1605","targetHints":{"allow":["GET"]}}],"collection":[{"href":"https:\/\/www.dknyheder.dk\/da-dk\/wp-json\/wp\/v2\/posts"}],"about":[{"href":"https:\/\/www.dknyheder.dk\/da-dk\/wp-json\/wp\/v2\/types\/post"}],"author":[{"embeddable":true,"href":"https:\/\/www.dknyheder.dk\/da-dk\/wp-json\/wp\/v2\/users\/2"}],"replies":[{"embeddable":true,"href":"https:\/\/www.dknyheder.dk\/da-dk\/wp-json\/wp\/v2\/comments?post=1605"}],"version-history":[{"count":0,"href":"https:\/\/www.dknyheder.dk\/da-dk\/wp-json\/wp\/v2\/posts\/1605\/revisions"}],"wp:featuredmedia":[{"embeddable":true,"href":"https:\/\/www.dknyheder.dk\/da-dk\/wp-json\/wp\/v2\/media\/1606"}],"wp:attachment":[{"href":"https:\/\/www.dknyheder.dk\/da-dk\/wp-json\/wp\/v2\/media?parent=1605"}],"wp:term":[{"taxonomy":"category","embeddable":true,"href":"https:\/\/www.dknyheder.dk\/da-dk\/wp-json\/wp\/v2\/categories?post=1605"},{"taxonomy":"post_tag","embeddable":true,"href":"https:\/\/www.dknyheder.dk\/da-dk\/wp-json\/wp\/v2\/tags?post=1605"}],"curies":[{"name":"wp","href":"https:\/\/api.w.org\/{rel}","templated":true}]}}