{"id":1753,"date":"2024-06-02T23:53:43","date_gmt":"2024-06-02T21:53:43","guid":{"rendered":"https:\/\/www.dknyheder.dk\/da-dk\/?p=1753"},"modified":"2024-06-03T00:01:12","modified_gmt":"2024-06-02T22:01:12","slug":"folkets-klimamarch-har-marcheret-i-7-byer","status":"publish","type":"post","link":"https:\/\/www.dknyheder.dk\/da-dk\/klima\/folkets-klimamarch-har-marcheret-i-7-byer\/1753\/","title":{"rendered":"Folkets Klimamarch har marcheret i 7 byer"},"content":{"rendered":"<p>Folkets Klimamarch har i dag marcheret i Aarhus, Aalborg, Odense, Viborg, Hiller\u00f8d, \u00c6r\u00f8 og K\u00f8benhavn.<\/p>\n<p>Det sker i en weekend, hvor klimademonstrationer i 12 europ\u00e6iske lande har skabt f\u00e6lles front for et gr\u00f8nt Europa-Parlament. Det er i f\u00f8lge arrang\u00f8rerne en tydelig manifestation af, at de europ\u00e6iske borgere tager klimakrisen alvorligt.<\/p>\n<p>I K\u00f8benhavn har Christiansborg Slotsplads v\u00e6ret fyldt med kreative skilte, gr\u00f8nne slagord og flotte, vision\u00e6re taler fra scenen.<\/p>\n<p>&#8211; Vi vil have et EU, der omstiller landbrugsst\u00f8tten og hj\u00e6lper landm\u00e6ndene over i et spor, der ikke er i konstant konflikt med naturgrundlaget. Vi vil have et EU, der s\u00e6tter klimahandling f\u00f8rst og sikrer at alle lande lever op til Parisaftalen, sagde Marie Reumert Gjerding, pr\u00e6sident i Danmarks Naturfredningsforening, som dagens f\u00f8rste taler, fra scenen.<\/p>\n<figure id=\"attachment_1757\" aria-describedby=\"caption-attachment-1757\" style=\"width: 1260px\" class=\"wp-caption alignnone\"><img decoding=\"async\" src=\"https:\/\/www.dknyheder.dk\/da-dk\/wp-content\/uploads\/2024\/06\/folkets-klimarmarch_3.jpg\" alt=\"\" width=\"1260\" height=\"840\" class=\"size-full wp-image-1757\" srcset=\"https:\/\/www.dknyheder.dk\/da-dk\/wp-content\/uploads\/2024\/06\/folkets-klimarmarch_3.jpg 1260w, https:\/\/www.dknyheder.dk\/da-dk\/wp-content\/uploads\/2024\/06\/folkets-klimarmarch_3-300x200.jpg 300w, https:\/\/www.dknyheder.dk\/da-dk\/wp-content\/uploads\/2024\/06\/folkets-klimarmarch_3-1024x683.jpg 1024w, https:\/\/www.dknyheder.dk\/da-dk\/wp-content\/uploads\/2024\/06\/folkets-klimarmarch_3-768x512.jpg 768w, https:\/\/www.dknyheder.dk\/da-dk\/wp-content\/uploads\/2024\/06\/folkets-klimarmarch_3-750x500.jpg 750w, https:\/\/www.dknyheder.dk\/da-dk\/wp-content\/uploads\/2024\/06\/folkets-klimarmarch_3-1140x760.jpg 1140w\" sizes=\"(max-width: 1260px) 100vw, 1260px\" \/><figcaption id=\"caption-attachment-1757\" class=\"wp-caption-text\">(Foto: Christina Ihler Madsen \/ Foreningen Klimabev\u00e6gelsen i Danmark)<\/figcaption><\/figure>\n<p>Lasse Fly Bendix fra arrang\u00f8rgruppen i Folkets Klimamarch udtaler:<\/p>\n<p>&#8211; Vi er overv\u00e6ldede over, at s\u00e5 mange danskere er m\u00f8dt op. Jeg synes det er smukt, at danskere p\u00e5 tv\u00e6rs af samfundet i dag samles i et f\u00e6lles opr\u00e5b for retf\u00e6rdighed. Nu er det op til de politikere, der bliver valgt at tage modige beslutninger.<\/p>\n<p>Jeppe Byberg, en af demonstranterne, som har v\u00e6ret med siden kl. 13 p\u00e5 pladsen udtaler:<\/p>\n<p>&#8211; Det har v\u00e6ret virkelig rart, at st\u00e5 sammen med s\u00e5 mange mennesker i dag. Det giver mig et h\u00e5b for, at vi i f\u00e6llesskab kan rykke valget i en gr\u00f8n retning.<\/p>\n<figure id=\"attachment_1758\" aria-describedby=\"caption-attachment-1758\" style=\"width: 1260px\" class=\"wp-caption alignnone\"><img decoding=\"async\" src=\"https:\/\/www.dknyheder.dk\/da-dk\/wp-content\/uploads\/2024\/06\/folkets-klimarmarch_4.jpg\" alt=\"\" width=\"1260\" height=\"840\" class=\"size-full wp-image-1758\" srcset=\"https:\/\/www.dknyheder.dk\/da-dk\/wp-content\/uploads\/2024\/06\/folkets-klimarmarch_4.jpg 1260w, https:\/\/www.dknyheder.dk\/da-dk\/wp-content\/uploads\/2024\/06\/folkets-klimarmarch_4-300x200.jpg 300w, https:\/\/www.dknyheder.dk\/da-dk\/wp-content\/uploads\/2024\/06\/folkets-klimarmarch_4-1024x683.jpg 1024w, https:\/\/www.dknyheder.dk\/da-dk\/wp-content\/uploads\/2024\/06\/folkets-klimarmarch_4-768x512.jpg 768w, https:\/\/www.dknyheder.dk\/da-dk\/wp-content\/uploads\/2024\/06\/folkets-klimarmarch_4-750x500.jpg 750w, https:\/\/www.dknyheder.dk\/da-dk\/wp-content\/uploads\/2024\/06\/folkets-klimarmarch_4-1140x760.jpg 1140w\" sizes=\"(max-width: 1260px) 100vw, 1260px\" \/><figcaption id=\"caption-attachment-1758\" class=\"wp-caption-text\">(Foto: Christina Ihler Madsen \/ Foreningen Klimabev\u00e6gelsen i Danmark)<\/figcaption><\/figure>\n<h3>Folkets Klimamarch<\/h3>\n<p>Folkets Klimamarch er en partipolitisk uafh\u00e6ngig begivenhed, som arrangeres af frivillige over hele landet. Det er en del af den landsd\u00e6kkende paraplyorganisation Klimabev\u00e6gelsen i Danmark.<\/p>\n<p>Folkets Klimamarch g\u00e5r i dag for en r\u00e6kke konkrete m\u00e5ls\u00e6tninger indg\u00e5et med Klimakoalitionen. Heriblandt er europ\u00e6isk klimaneutralitet i 2040, 30 pct. beskyttet natur i EU, \u00f8get klimabistand til udsatte lande og et gr\u00f8nnere landbrug. <\/p>\n<p>Folkets Klimamarch har, sammen med en r\u00e6kke gr\u00f8nne organisationer, rettet henvendelse til EP-kandidaterne, og spurgt hvad de mener om de vigtigste nutidige klima- og milj\u00f8sp\u00f8rgsm\u00e5l. P\u00e5 hjemmesiden www.klimavalg.nu kan man b\u00e5de tilmelde en Klimamarch i sin by, og se kandidaternes svar til de vigtige klimasp\u00f8rgsm\u00e5l.<\/p>\n","protected":false},"excerpt":{"rendered":"<p>Gennem folkelig opbakning vil Folkets Klimamarch give politikere mandat til en hurtig gr\u00f8n omstilling.<\/p>\n","protected":false},"author":2,"featured_media":1755,"comment_status":"closed","ping_status":"open","sticky":false,"template":"","format":"standard","meta":{"jnews-multi-image_gallery":[],"jnews_single_post":{"source_name":"","source_url":"","via_name":"","via_url":"","override_template":"0","override":[{"template":"7","single_blog_custom":"","parallax":"1","fullscreen":"0","layout":"right-sidebar","sidebar":"right-content","second_sidebar":"default-sidebar","sticky_sidebar":"1","share_position":"hide","share_float_style":"share-normal","show_share_counter":"1","show_view_counter":"1","show_featured":"1","show_post_meta":"1","show_post_author":"1","show_post_author_image":"0","show_post_date":"1","post_date_format":"default","post_date_format_custom":"Y\/m\/d","show_post_category":"1","show_post_reading_time":"0","post_reading_time_wpm":"300","show_zoom_button":"0","zoom_button_out_step":"2","zoom_button_in_step":"3","show_post_tag":"1","show_prev_next_post":"0","show_popup_post":"1","number_popup_post":"1","show_author_box":"0","show_post_related":"0","show_inline_post_related":"0"}],"override_image_size":"0","image_override":[{"single_post_thumbnail_size":"no-crop","single_post_gallery_size":"crop-715"}],"trending_post":"0","trending_post_position":"meta","trending_post_label":"Trending","sponsored_post":"0","sponsored_post_label":"Sponsored by","sponsored_post_name":"","sponsored_post_url":"","sponsored_post_logo_enable":"0","sponsored_post_logo":"","sponsored_post_desc":"","disable_ad":"0"},"jnews_primary_category":{"id":"","hide":""},"footnotes":""},"categories":[1077],"tags":[],"class_list":["post-1753","post","type-post","status-publish","format-standard","has-post-thumbnail","hentry","category-klima"],"_links":{"self":[{"href":"https:\/\/www.dknyheder.dk\/da-dk\/wp-json\/wp\/v2\/posts\/1753","targetHints":{"allow":["GET"]}}],"collection":[{"href":"https:\/\/www.dknyheder.dk\/da-dk\/wp-json\/wp\/v2\/posts"}],"about":[{"href":"https:\/\/www.dknyheder.dk\/da-dk\/wp-json\/wp\/v2\/types\/post"}],"author":[{"embeddable":true,"href":"https:\/\/www.dknyheder.dk\/da-dk\/wp-json\/wp\/v2\/users\/2"}],"replies":[{"embeddable":true,"href":"https:\/\/www.dknyheder.dk\/da-dk\/wp-json\/wp\/v2\/comments?post=1753"}],"version-history":[{"count":0,"href":"https:\/\/www.dknyheder.dk\/da-dk\/wp-json\/wp\/v2\/posts\/1753\/revisions"}],"wp:featuredmedia":[{"embeddable":true,"href":"https:\/\/www.dknyheder.dk\/da-dk\/wp-json\/wp\/v2\/media\/1755"}],"wp:attachment":[{"href":"https:\/\/www.dknyheder.dk\/da-dk\/wp-json\/wp\/v2\/media?parent=1753"}],"wp:term":[{"taxonomy":"category","embeddable":true,"href":"https:\/\/www.dknyheder.dk\/da-dk\/wp-json\/wp\/v2\/categories?post=1753"},{"taxonomy":"post_tag","embeddable":true,"href":"https:\/\/www.dknyheder.dk\/da-dk\/wp-json\/wp\/v2\/tags?post=1753"}],"curies":[{"name":"wp","href":"https:\/\/api.w.org\/{rel}","templated":true}]}}