{"id":182,"date":"2023-02-09T21:18:10","date_gmt":"2023-02-09T20:18:10","guid":{"rendered":"https:\/\/dknyheder.dk\/?p=182"},"modified":"2024-06-15T03:18:04","modified_gmt":"2024-06-15T01:18:04","slug":"nationalmuseet-faar-ny-vicedirektoer","status":"publish","type":"post","link":"https:\/\/www.dknyheder.dk\/da-dk\/kultur\/nationalmuseet-faar-ny-vicedirektoer\/182\/","title":{"rendered":"Nationalmuseet f\u00e5r ny vicedirekt\u00f8r"},"content":{"rendered":"<p>Nationalmuseet er i en rivende udvikling, hvor grunds\u00f8jlerne til fremtidens nationalmuseum er i f\u00e6rd med at blive lagt. Der arbejdes p\u00e5 museet med at kunne realisere planerne for et stort ombygningsprojekt, der skal v\u00e6re med til at forny publikumsoplevelsen for de danskere og turister, som bes\u00f8ger Nationalmuseet. En del af arbejdet indeb\u00e6rer et \u00f8get fokus p\u00e5 digitalisering, g\u00e6stens oplevelsesrejse samt Nationalmuseets bidrag til samfundet i form af formidling og forskning.<\/p>\n<p>Tine Smedegaard Andersen skal med sin solide ledelseserfaring i kulturbranchen v\u00e6re en af de drivende kr\u00e6fter i arbejdet med at Nationalmuseet n\u00e5r i m\u00e5l med de store ambitioner. Det vil have en betydning b\u00e5de for de g\u00e6ster, der kommer p\u00e5 Nationalmuseet, og for de danskere, der m\u00f8der Nationalmuseet andre steder i samfundet gennem historisk viden, undervisning, podcast etc.<\/p>\n<p>\u201dJeg har gjort mig en masse tanker om den opgave, der venter mig, og jeg gl\u00e6der mig utrolig meget. Nationalmuseet har en helt enest\u00e5ende opgave og mission om at fort\u00e6lle historie i nutid for mange mennesker. Jeg tager selvf\u00f8lgelig mine tidligere erfaringer med mig ind i arbejdet, men f\u00f8rst og fremmest vil jeg starte med at l\u00e6re Nationalmuseet endnu bedre at kende ved at lytte til de mange kompetente mennesker, der arbejder p\u00e5 museet\u201d, siger Tine Smedegaard Andersen.<\/p>\n<p>Tine Smedegaard Andersen har v\u00e6ret administrerende direkt\u00f8r for People\u2019s i de seneste knap fire \u00e5r, hvor hun har st\u00e5et for en markant digital udvikling af forlaget. Tidligere har Tine Smedegaard Andersen v\u00e6ret kulturdirekt\u00f8r og medlem af direktionen i DR. I denne periode var hun blandt andet ansvarlig for den popul\u00e6re historiske tv-serie Historien om Danmark, som blev udviklet i t\u00e6t dialog med Nationalmuseet. Tidligere har Tine Smedegaard Andersen ogs\u00e5 v\u00e6ret direkt\u00f8r i Gyldendal-koncernen, og hun var fra 2017 til 2021 formand for museumsr\u00e5det p\u00e5 Nationalmuseet, der r\u00e5dgiver Nationalmuseets direktion.<\/p>\n<p>\u201dTine Smedegaard Andersen kommer til at styrke Nationalmuseets direktion, ikke mindst med sine erfaringer fra DR og forlagsbranchen med at g\u00e5 fra analog til digital formidling. Vi gl\u00e6der os ogs\u00e5 til at nyde gavn af Tines lange ledelseserfaring\u201d, siger direkt\u00f8r p\u00e5 Nationalmuseet, Rane Willerslev.<\/p>\n<p>Tine Smedegaard Andersen er cand.theol. fra Aarhus Universitet i 1991. Hun overtager posten som vicedirekt\u00f8r p\u00e5 Nationalmuseet fra Anni Mogensen, der efter tre \u00e5r som vicedirekt\u00f8r har f\u00e5et en stilling som direkt\u00f8r p\u00e5 M\/S Museet for S\u00f8fart i Helsing\u00f8r.<\/p>\n<p>Tine Smedegaard Andersens tiltr\u00e6delse p\u00e5 Nationalmuseet sker snarest muligt, men den endelige dato er endnu ikke fastlagt.<\/p>\n<h3>Fakta om Nationalmuseet<\/h3>\n<p>Nationalmuseet ligger i Prinsens Pal\u00e6 i K\u00f8benhavn, hvor det har ligget siden 1849.<\/p>\n<p>Nationalmuseet er Danmarks kulturhistoriske hovedmuseum.<\/p>\n<p>Nationalmuseet best\u00e5r foruden af bes\u00f8gsstedet i K\u00f8benhavn ogs\u00e5 af en Forsknings-, samlings og bevaringsafdeling, der tager sig af konservering og bevaring af Danmarks kulturskatte samt forskning i b\u00e5de kulturhistoriske og naturvidenskabelige emner. Der er 18 bes\u00f8gssteder knyttet til Nationalmuseets organisation, som Rane Willerslev er direkt\u00f8r for.<\/p>\n","protected":false},"excerpt":{"rendered":"<p>Tine Smedegaard Andersen bliver ny vicedirekt\u00f8r p\u00e5 Nationalmuseet. Tine Smedegaard Andersen kommer fra en stilling som administrerende direkt\u00f8r for forlaget People\u00b4s<\/p>\n","protected":false},"author":2,"featured_media":183,"comment_status":"closed","ping_status":"open","sticky":false,"template":"","format":"standard","meta":{"jnews-multi-image_gallery":[],"jnews_single_post":[],"jnews_primary_category":[],"footnotes":""},"categories":[9],"tags":[],"class_list":["post-182","post","type-post","status-publish","format-standard","has-post-thumbnail","hentry","category-kultur"],"_links":{"self":[{"href":"https:\/\/www.dknyheder.dk\/da-dk\/wp-json\/wp\/v2\/posts\/182","targetHints":{"allow":["GET"]}}],"collection":[{"href":"https:\/\/www.dknyheder.dk\/da-dk\/wp-json\/wp\/v2\/posts"}],"about":[{"href":"https:\/\/www.dknyheder.dk\/da-dk\/wp-json\/wp\/v2\/types\/post"}],"author":[{"embeddable":true,"href":"https:\/\/www.dknyheder.dk\/da-dk\/wp-json\/wp\/v2\/users\/2"}],"replies":[{"embeddable":true,"href":"https:\/\/www.dknyheder.dk\/da-dk\/wp-json\/wp\/v2\/comments?post=182"}],"version-history":[{"count":0,"href":"https:\/\/www.dknyheder.dk\/da-dk\/wp-json\/wp\/v2\/posts\/182\/revisions"}],"wp:featuredmedia":[{"embeddable":true,"href":"https:\/\/www.dknyheder.dk\/da-dk\/wp-json\/wp\/v2\/media\/183"}],"wp:attachment":[{"href":"https:\/\/www.dknyheder.dk\/da-dk\/wp-json\/wp\/v2\/media?parent=182"}],"wp:term":[{"taxonomy":"category","embeddable":true,"href":"https:\/\/www.dknyheder.dk\/da-dk\/wp-json\/wp\/v2\/categories?post=182"},{"taxonomy":"post_tag","embeddable":true,"href":"https:\/\/www.dknyheder.dk\/da-dk\/wp-json\/wp\/v2\/tags?post=182"}],"curies":[{"name":"wp","href":"https:\/\/api.w.org\/{rel}","templated":true}]}}