{"id":2084,"date":"2024-06-25T01:41:03","date_gmt":"2024-06-24T23:41:03","guid":{"rendered":"https:\/\/www.dknyheder.dk\/da-dk\/?p=2084"},"modified":"2024-06-25T01:41:03","modified_gmt":"2024-06-24T23:41:03","slug":"juletour-2024-fabrak-kommer-landet-rundt-over-8-aftener","status":"publish","type":"post","link":"https:\/\/www.dknyheder.dk\/da-dk\/arrangementer\/koncerter\/juletour-2024-fabrak-kommer-landet-rundt-over-8-aftener\/2084\/","title":{"rendered":"Juletour 2024: Fabr\u00e4k kommer landet rundt over 8 aftener"},"content":{"rendered":"<p>Punkrapeksplosionen FABR\u00c4K forts\u00e6tter med at bane deres vej til tops som et af Danmarks vildeste livenavne.<\/p>\n<p>Den st\u00e6rke duo best\u00e5ende af Anton Gadegaard Dyrby og Sixten Pozsonyi Rasmussen er ikke blot kendt for deres h\u00f8jenergiske liveshows &#8211; de er blevet synonyme med dem.<\/p>\n<p>Det var blandt andet disse som sikrede dem en nominering til \u201d\u00c5rets nye livenavn\u201d ved Danish Music Awards 2022 \u2013 det samme \u00e5r som de udgav debutalbummet Rige b\u00f8rn leger bedst, der blev m\u00f8dt af bred anmelderros og nomineret til flere priser.<\/p>\n<p>Fabr\u00e4k har allerede optr\u00e5dt landet tyndt af flere omgange og senest i for\u00e5ret 2024, hvor de ogs\u00e5 tog turen forbi Norge med to koncerter i eget navn.<\/p>\n<p>Den erfarne duo og deres band er dog stadig kun lige begyndt.<\/p>\n<p>Deres koncerter er blevet rost til skyerne og kaldt for \u201dtriumferende\u201d og \u201dpunket som bare fanden\u201d.<\/p>\n<p>Deres originale og disruptive musikalske univers, form\u00e5r at overraske og samle unge s\u00e5vel som voksne.<\/p>\n<p>Om det s\u00e5 er i den bagende sol p\u00e5 sommerens festivaler, eller under scenelysene p\u00e5 landets spillesteder. <\/p>\n<p>F\u00f8r vi ved af det sniger efter\u00e5ret og vinterm\u00e5nederne ind p\u00e5 os, og s\u00e5 begynder den s\u00e6dvanlige trummerum med alt for tidlige juledekorationer og vinterdepression.<\/p>\n<p>Kuren? En solid omgang brandvarm punkenergi, der kan s\u00e6tte ild til de kedelige julem\u00e5neder.<\/p>\n<p>For hvorfor skal julen altid ligne den vi havde sidst?!<\/p>\n<p>I \u00e5r skal den have et skud med FABR\u00c4K, der kommer landet rundt over 8 aftener og sparker dig hastigt ud af vinterhiet med velkendte hits og ny musik. <\/p>\n<p>Senest har duoen udgivet deres l\u00e6ngeventede andet album Plastikverden, der blev honoreret med flotte anmeldelser fra Soundvenue og Gaffa, som gav det henholdsvis 4 og 5 ud af 6 stjerner.<\/p>\n<p>De har ogs\u00e5 netop udgivet den h\u00e5rdtsl\u00e5ende sang, Sort Sommer, i samarbejde med heavy bandet, Cabal, der endnu en gang viser duoens disruptive alsidighed.<\/p>\n<h3>Fabr\u00e4ks Juletour 2024<\/h3>\n<p>05.10.24 &#8211; OPUSS, Asaa<\/p>\n<p>28.11.24 &#8211; Walthers Musikcaf\u00e9, Skanderborg<\/p>\n<p>29.11.24 &#8211; Richter, Gladsaxe<\/p>\n<p>30.11.24 &#8211; Turbinen, Randers<\/p>\n<p>05.12.24 &#8211; Mejeriet, S\u00f8nderborg<\/p>\n<p>06.12.24 &#8211; Tobaksgaarden, Assens<\/p>\n<p>07.12.24 &#8211; Pavillonen, Grenaa<\/p>\n<p>13.12.24 &#8211; Gimle, Roskilde<\/p>\n","protected":false},"excerpt":{"rendered":"<p>Punkrapeksplosionen Fabr\u00e4k bes\u00f8ger Asaa, Skanderborg, Gladsaxe, Randers, S\u00f8nderborg, Assens, Grenaa og Roskilde i forbindelse med deres Juletour 2024.<\/p>\n","protected":false},"author":2,"featured_media":2085,"comment_status":"closed","ping_status":"open","sticky":false,"template":"","format":"standard","meta":{"jnews-multi-image_gallery":[],"jnews_single_post":{"source_name":"","source_url":"","via_name":"","via_url":"","override_template":"0","override":[{"template":"7","single_blog_custom":"","parallax":"1","fullscreen":"0","layout":"right-sidebar","sidebar":"right-content","second_sidebar":"default-sidebar","sticky_sidebar":"1","share_position":"hide","share_float_style":"share-normal","show_share_counter":"1","show_view_counter":"1","show_featured":"1","show_post_meta":"1","show_post_author":"1","show_post_author_image":"0","show_post_date":"1","post_date_format":"default","post_date_format_custom":"Y\/m\/d","show_post_category":"1","show_post_reading_time":"0","post_reading_time_wpm":"300","show_zoom_button":"0","zoom_button_out_step":"2","zoom_button_in_step":"3","show_post_tag":"1","show_prev_next_post":"0","show_popup_post":"1","number_popup_post":"1","show_author_box":"0","show_post_related":"0","show_inline_post_related":"0"}],"override_image_size":"0","image_override":[{"single_post_thumbnail_size":"no-crop","single_post_gallery_size":"crop-715"}],"trending_post":"0","trending_post_position":"meta","trending_post_label":"Trending","sponsored_post":"0","sponsored_post_label":"Sponsored by","sponsored_post_name":"","sponsored_post_url":"","sponsored_post_logo_enable":"0","sponsored_post_logo":"","sponsored_post_desc":"","disable_ad":"0"},"jnews_primary_category":{"id":"","hide":""},"footnotes":""},"categories":[1080],"tags":[],"class_list":["post-2084","post","type-post","status-publish","format-standard","has-post-thumbnail","hentry","category-koncerter"],"_links":{"self":[{"href":"https:\/\/www.dknyheder.dk\/da-dk\/wp-json\/wp\/v2\/posts\/2084","targetHints":{"allow":["GET"]}}],"collection":[{"href":"https:\/\/www.dknyheder.dk\/da-dk\/wp-json\/wp\/v2\/posts"}],"about":[{"href":"https:\/\/www.dknyheder.dk\/da-dk\/wp-json\/wp\/v2\/types\/post"}],"author":[{"embeddable":true,"href":"https:\/\/www.dknyheder.dk\/da-dk\/wp-json\/wp\/v2\/users\/2"}],"replies":[{"embeddable":true,"href":"https:\/\/www.dknyheder.dk\/da-dk\/wp-json\/wp\/v2\/comments?post=2084"}],"version-history":[{"count":0,"href":"https:\/\/www.dknyheder.dk\/da-dk\/wp-json\/wp\/v2\/posts\/2084\/revisions"}],"wp:featuredmedia":[{"embeddable":true,"href":"https:\/\/www.dknyheder.dk\/da-dk\/wp-json\/wp\/v2\/media\/2085"}],"wp:attachment":[{"href":"https:\/\/www.dknyheder.dk\/da-dk\/wp-json\/wp\/v2\/media?parent=2084"}],"wp:term":[{"taxonomy":"category","embeddable":true,"href":"https:\/\/www.dknyheder.dk\/da-dk\/wp-json\/wp\/v2\/categories?post=2084"},{"taxonomy":"post_tag","embeddable":true,"href":"https:\/\/www.dknyheder.dk\/da-dk\/wp-json\/wp\/v2\/tags?post=2084"}],"curies":[{"name":"wp","href":"https:\/\/api.w.org\/{rel}","templated":true}]}}