{"id":2143,"date":"2024-06-30T02:25:19","date_gmt":"2024-06-30T00:25:19","guid":{"rendered":"https:\/\/www.dknyheder.dk\/da-dk\/?p=2143"},"modified":"2024-06-30T02:25:19","modified_gmt":"2024-06-30T00:25:19","slug":"tv-2-ansaetter-jakob-dahlgaard-fink-som-ny-finansdirektoer","status":"publish","type":"post","link":"https:\/\/www.dknyheder.dk\/da-dk\/navnenyt\/nyt-job\/tv-2-ansaetter-jakob-dahlgaard-fink-som-ny-finansdirektoer\/2143\/","title":{"rendered":"TV 2 ans\u00e6tter Jakob Dahlgaard Fink som ny finansdirekt\u00f8r"},"content":{"rendered":"<p>Jakob Dahlgaard Fink kommer til TV 2 fra en stilling som finansdirekt\u00f8r hos NKT Photonics, og har f\u00f8r v\u00e6ret finansdirekt\u00f8r i det tidligere TV 2 Norge-spinoff StormGeo samt finansdirekt\u00f8r i \u00d8rsted Wind Power (DONG Energy Wind Power). <\/p>\n<p>&#8211; Det bliver en forn\u00f8jelse at f\u00e5 Jakob med p\u00e5 holdet i TV 2, hvor han f\u00e5r en n\u00f8glerolle sammen med den \u00f8vrige direktion i at s\u00e6tte retningen frem mod 2030 i et mediemarked, hvor udfordringerne hele tiden sk\u00e6rpes. TV 2s fokus p\u00e5 dansk kvalitetsindhold og rettigheder, kommerciel udvikling og teknologi kr\u00e6ver nyt\u00e6nkning og en fast h\u00e5nd p\u00e5 det finansielle rat, siger TV 2s bestyrelsesformand, Gregers Wedell-Wedellsborg. <\/p>\n<p>Jakob Dahlgaard Fink tiltr\u00e6der sit nye job 1. september 2024. <\/p>\n<p>&#8211; Vi f\u00e5r en st\u00e6rk finansdirekt\u00f8r med solid erfaring og forretningsforst\u00e5else, og jeg ser frem til, at Jakob skal v\u00e6re med til at positionere TV 2 rigtigt i en foranderlig medievirkelighed, hvor det er en bunden opgave, at vi hele tiden griber nye muligheder for at sikre vores gennemslagskraft i hele Danmark. Jakob er en empatisk person og har en hold\u00e5nd, der betyder, at han bliver en god makker for mig i direktionen og en sparringspartner for resten af TV 2, n\u00e5r vi skal s\u00e6tte retningen for vores kommende 2030-strategi og sikre, at vi fortsat kan samle danskerne, siger TV 2s administrerende direkt\u00f8r, Anne Engdal Stig Christensen.  <\/p>\n<p>Jakob Dahlgaard Fink er uddannet cand.oecon fra Aarhus Universitetet og har blandt andet en baggrund fra investment banking\/M&#038;A. <\/p>\n<p>&#8211; Jeg er utroligt glad for at f\u00e5 muligheden for at blive en del af ledelsen i en enest\u00e5ende virksomhed som TV 2. TV 2 har siden starten i 1988 v\u00e6ret &#8211; og er til stadighed &#8211; dagsordens\u00e6ttende i det danske medielandskab, og det er et stort privilegium for mig at skulle v\u00e6re med til at s\u00e6tte retningen for de kommende \u00e5r &#8211; i et marked, som ganske vist er udfordret af hastigt \u00e6ndrede medievaner, men som ogs\u00e5 rummer talrige muligheder for en nyt\u00e6nkende og dynamisk virksomhed som TV 2. Jeg gl\u00e6der mig meget til at tage fat p\u00e5 arbejdet sammen med alle de dygtige og dedikerede kollegaer, siger Jakob Dahlgaard Fink. <\/p>\n<p>Jakob Dahlgaard Fink er bosiddende i K\u00f8benhavn, og han afl\u00f8ser Carsten Topholt, som stoppede p\u00e5 TV 2 i april 2024.<\/p>\n","protected":false},"excerpt":{"rendered":"<p>TV 2s bestyrelse og administrerende direkt\u00f8r Anne Engdal Stig Christensen har udpeget den 51-\u00e5rige Jakob Dahlgaard Fink som mediekoncernens nye finansdirekt\u00f8r.<\/p>\n","protected":false},"author":2,"featured_media":2145,"comment_status":"closed","ping_status":"open","sticky":false,"template":"","format":"standard","meta":{"jnews-multi-image_gallery":[],"jnews_single_post":{"source_name":"","source_url":"","via_name":"","via_url":"","override_template":"0","override":[{"template":"7","single_blog_custom":"","parallax":"1","fullscreen":"0","layout":"right-sidebar","sidebar":"right-content","second_sidebar":"default-sidebar","sticky_sidebar":"1","share_position":"hide","share_float_style":"share-normal","show_share_counter":"1","show_view_counter":"1","show_featured":"1","show_post_meta":"1","show_post_author":"1","show_post_author_image":"0","show_post_date":"1","post_date_format":"default","post_date_format_custom":"Y\/m\/d","show_post_category":"1","show_post_reading_time":"0","post_reading_time_wpm":"300","post_calculate_word_method":"str_word_count","show_zoom_button":"0","zoom_button_out_step":"2","zoom_button_in_step":"3","show_post_tag":"1","show_prev_next_post":"0","show_popup_post":"1","number_popup_post":"1","show_author_box":"0","show_post_related":"0","show_inline_post_related":"0"}],"override_image_size":"0","image_override":[{"single_post_thumbnail_size":"no-crop","single_post_gallery_size":"crop-715"}],"trending_post":"0","trending_post_position":"meta","trending_post_label":"Trending","sponsored_post":"0","sponsored_post_label":"Sponsored by","sponsored_post_name":"","sponsored_post_url":"","sponsored_post_logo_enable":"0","sponsored_post_logo":"","sponsored_post_desc":"","disable_ad":"0"},"jnews_primary_category":{"id":"","hide":""},"footnotes":""},"categories":[322],"tags":[],"class_list":["post-2143","post","type-post","status-publish","format-standard","has-post-thumbnail","hentry","category-nyt-job"],"_links":{"self":[{"href":"https:\/\/www.dknyheder.dk\/da-dk\/wp-json\/wp\/v2\/posts\/2143","targetHints":{"allow":["GET"]}}],"collection":[{"href":"https:\/\/www.dknyheder.dk\/da-dk\/wp-json\/wp\/v2\/posts"}],"about":[{"href":"https:\/\/www.dknyheder.dk\/da-dk\/wp-json\/wp\/v2\/types\/post"}],"author":[{"embeddable":true,"href":"https:\/\/www.dknyheder.dk\/da-dk\/wp-json\/wp\/v2\/users\/2"}],"replies":[{"embeddable":true,"href":"https:\/\/www.dknyheder.dk\/da-dk\/wp-json\/wp\/v2\/comments?post=2143"}],"version-history":[{"count":0,"href":"https:\/\/www.dknyheder.dk\/da-dk\/wp-json\/wp\/v2\/posts\/2143\/revisions"}],"wp:featuredmedia":[{"embeddable":true,"href":"https:\/\/www.dknyheder.dk\/da-dk\/wp-json\/wp\/v2\/media\/2145"}],"wp:attachment":[{"href":"https:\/\/www.dknyheder.dk\/da-dk\/wp-json\/wp\/v2\/media?parent=2143"}],"wp:term":[{"taxonomy":"category","embeddable":true,"href":"https:\/\/www.dknyheder.dk\/da-dk\/wp-json\/wp\/v2\/categories?post=2143"},{"taxonomy":"post_tag","embeddable":true,"href":"https:\/\/www.dknyheder.dk\/da-dk\/wp-json\/wp\/v2\/tags?post=2143"}],"curies":[{"name":"wp","href":"https:\/\/api.w.org\/{rel}","templated":true}]}}