{"id":217,"date":"2023-02-27T20:14:29","date_gmt":"2023-02-27T19:14:29","guid":{"rendered":"https:\/\/dknyheder.dk\/?p=217"},"modified":"2024-06-15T03:18:34","modified_gmt":"2024-06-15T01:18:34","slug":"faerre-boern-af-ufaglaerte-faar-en-ungdomsuddannelse","status":"publish","type":"post","link":"https:\/\/www.dknyheder.dk\/da-dk\/danmark\/faerre-boern-af-ufaglaerte-faar-en-ungdomsuddannelse\/217\/","title":{"rendered":"F\u00e6rre b\u00f8rn af ufagl\u00e6rte f\u00e5r en ungdomsuddannelse"},"content":{"rendered":"<p>Andelen af m\u00f8nsterbrydere er faldet siden 2019. Det viser analyse fra Arbejderbev\u00e6gelsens Erhvervsr\u00e5d.<\/p>\n<p>I 2019 havde 58 procent af de 25-\u00e5rige med ufagl\u00e6rte for\u00e6ldre fuldf\u00f8rt mindst \u00e9n ungdomsuddannelse. Det tal er i dag faldet med 1,5 procentpoint til 56,5 procent. Det vil sige, at n\u00e6sten hver anden ung med ufagl\u00e6rte for\u00e6ldre ikke har gennemf\u00f8rt mindst \u00e9n ungdomsuddannelse som 25-\u00e5rig.<\/p>\n<p>\u201dRisikoen for at st\u00e5 uden en ungdomsuddannelse er mere end fem gange st\u00f8rre blandt b\u00f8rn af ufagl\u00e6rte sammenlignet med b\u00f8rn af akademikere. Det viser os, at der stadig er markante forskelle p\u00e5 chancen for at f\u00e5 en uddannelse i Danmark,\u201d siger Emilie Agner Damm, analysechef i Arbejderbev\u00e6gelsens Erhvervsr\u00e5d.<\/p>\n<p>\u201dUddannelse kan have en stor betydning for fremtiden, fordi det er med til at \u00f8ge den enkeltes tilknytning til arbejdsmarkedet og giver en h\u00f8jere l\u00f8n. Derfor er det \u00e6rgerligt, at der er sket et tilbageslag i antallet unge af ufagl\u00e6rte for\u00e6ldre, der f\u00e5r en ungdomsuddannelse,\u201d siger Emilie Agner Damm.<\/p>\n<p>\u201dUdviklingen kan skyldes, at gruppen af unge med ufagl\u00e6rte for\u00e6ldre er blevet tungere i takt med, at den er blevet mindre op gennem 2010\u2019erne. Det betyder ogs\u00e5, at der er et behov for flere nye l\u00f8sninger og tilbud, hvis vi vil have flere unge med p\u00e5 uddannelsesvognen,\u201d siger Emilie Agner Damm.<\/p>\n<h3>Uddannelser for udsatte unge vinder indpas<\/h3>\n<p>Analysen viser ogs\u00e5, at brugen af s\u00e6rligt m\u00e5lrettede uddannelsestilbud vinder indpas blandt unge med ufagl\u00e6rte for\u00e6ldre.<\/p>\n<p>Indregner man de forberedende uddannelsestilbud for\u00f8ges andelen af m\u00f8nsterbrydere med knap 9 procentpoint.<\/p>\n<p>\u201dDe m\u00e5lrettede uddannelsestilbud s\u00e5som FGU og STU er til unge, der af den ene eller anden grund ikke kan tage en gymnasial uddannelse eller en erhvervsuddannelse. Brugen af tilbuddene er markant stigende, hvilket indikerer at uddannelserne er ved at vinde indpas hos dem, der har et s\u00e6rligt behov for dem. Det er meget positivt,\u201d sige Emilie Agner Damm.<\/p>\n<p>\u201dDer et stort behov for uddannelsestilbud til de unge, der har brug for noget andet efter grundskolen. Nogle unge har brug for at blive styrket fagligt efter en mislykket skoletid, mens andre har brug for mere fleksibilitet og st\u00f8tte i deres uddannelsesvej efter grundskolen,\u201d siger Emilie Agner Damm.<\/p>\n<h3>Analysens hovedkonklusioner<\/h3>\n<p>F\u00e6rre b\u00f8rn af ufagl\u00e6rte f\u00e5r en uddannelse. 56,5 procent af de 25-\u00e5rige i 2022, hvis for\u00e6ldre har en grundskoleuddannelse, har fuldf\u00f8rt mindst \u00e9n ungdomsuddannelse. Det er det laveste niveau siden 2019, hvor andelen l\u00e5 p\u00e5 58 procent. Andelen er dog stadig h\u00f8jere end i begyndelsen af 2010\u2019erne.<\/p>\n<p>Indregner man de forberedende uddannelsestilbud som for eksempel den s\u00e6rligt tilrettelagte ungdomsuddannelse, der er m\u00e5lrettet udsatte unge, s\u00e5 er andelen af m\u00f8nsterbrydere cirka 9 procentpoint h\u00f8jere. Det betyder, at 65,3 procent af de voksne b\u00f8rn af ufagl\u00e6rte fuldf\u00f8rte mindst \u00e9n ungdomsuddannelse eller et forberedende tilbud.<\/p>\n<p>Andelen af m\u00f8nsterbrydere er st\u00f8rre blandt piger end drenge, og forskellen er for\u00f8get kraftigt siden 2000.<\/p>\n<p>Andelen af unge uden uddannelse er mere end fem gange st\u00f8rre blandt b\u00f8rn af ufagl\u00e6rte sammenlignet med b\u00f8rn af akademikere.<\/p>\n<p>Andelen af unge, der har g\u00e5et i specialklasse og specialskole, er st\u00f8rre blandt b\u00f8rn af ufagl\u00e6rte end for andre unge. Samtidig er risikoen for at st\u00e5 uden uddannelse som 25-\u00e5rig markant st\u00f8rre, hvis man har deltaget i specialtilbud, og hvis man er barn af ufagl\u00e6rte for\u00e6ldre, end hvis ens for\u00e6ldre havde en uddannelse ud over grundskolen.<\/p>\n","protected":false},"excerpt":{"rendered":"<p>I 2022 havde kun 56,5 procent af de 25-\u00e5rige med ufagl\u00e6rte for\u00e6ldre fuldf\u00f8rt mindst \u00e9n ungdomsuddannelse, hvilket er det laveste niveau siden 2019, viser ny analyse fra Arbejderbev\u00e6gelsens Erhvervsr\u00e5d.<\/p>\n","protected":false},"author":2,"featured_media":220,"comment_status":"closed","ping_status":"open","sticky":false,"template":"","format":"standard","meta":{"jnews-multi-image_gallery":[],"jnews_single_post":[],"jnews_primary_category":[],"footnotes":""},"categories":[3],"tags":[53,52,50,51],"class_list":["post-217","post","type-post","status-publish","format-standard","has-post-thumbnail","hentry","category-danmark","tag-arbejderbevaegelsens-erhvervsraad","tag-den-sociale-arv","tag-ufaglaerte","tag-ungdomsuddannelse"],"_links":{"self":[{"href":"https:\/\/www.dknyheder.dk\/da-dk\/wp-json\/wp\/v2\/posts\/217","targetHints":{"allow":["GET"]}}],"collection":[{"href":"https:\/\/www.dknyheder.dk\/da-dk\/wp-json\/wp\/v2\/posts"}],"about":[{"href":"https:\/\/www.dknyheder.dk\/da-dk\/wp-json\/wp\/v2\/types\/post"}],"author":[{"embeddable":true,"href":"https:\/\/www.dknyheder.dk\/da-dk\/wp-json\/wp\/v2\/users\/2"}],"replies":[{"embeddable":true,"href":"https:\/\/www.dknyheder.dk\/da-dk\/wp-json\/wp\/v2\/comments?post=217"}],"version-history":[{"count":0,"href":"https:\/\/www.dknyheder.dk\/da-dk\/wp-json\/wp\/v2\/posts\/217\/revisions"}],"wp:featuredmedia":[{"embeddable":true,"href":"https:\/\/www.dknyheder.dk\/da-dk\/wp-json\/wp\/v2\/media\/220"}],"wp:attachment":[{"href":"https:\/\/www.dknyheder.dk\/da-dk\/wp-json\/wp\/v2\/media?parent=217"}],"wp:term":[{"taxonomy":"category","embeddable":true,"href":"https:\/\/www.dknyheder.dk\/da-dk\/wp-json\/wp\/v2\/categories?post=217"},{"taxonomy":"post_tag","embeddable":true,"href":"https:\/\/www.dknyheder.dk\/da-dk\/wp-json\/wp\/v2\/tags?post=217"}],"curies":[{"name":"wp","href":"https:\/\/api.w.org\/{rel}","templated":true}]}}