{"id":2186,"date":"2024-07-02T00:10:51","date_gmt":"2024-07-01T22:10:51","guid":{"rendered":"https:\/\/www.dknyheder.dk\/da-dk\/?p=2186"},"modified":"2024-07-02T00:10:51","modified_gmt":"2024-07-01T22:10:51","slug":"graekenland-spanien-og-tyrkiet-hitter-fra-billund-lufthavn","status":"publish","type":"post","link":"https:\/\/www.dknyheder.dk\/da-dk\/rejser\/graekenland-spanien-og-tyrkiet-hitter-fra-billund-lufthavn\/2186\/","title":{"rendered":"Gr\u00e6kenland, Spanien og Tyrkiet hitter fra Billund Lufthavn"},"content":{"rendered":"<p>Med skolernes sommerferie officielt l\u00f8bet i gang er der for alvor kommet aktivitet i terminalen i Billund Lufthavn.<\/p>\n<p>I en dugfrisk unders\u00f8gelse fra Norstat, som er udarbejdet for Dansk Erhverv, forventes det, at cirka 2,4 mio. danskere rejser til udlandet i l\u00f8bet af de n\u00e6ste par sommerm\u00e5neder. En stor del af dem v\u00e6lger Billund Lufthavn som afs\u00e6t.<\/p>\n<p>I juni m\u00e5ned gik 398.206 rejsende igennem Billund Lufthavn, hvilket er 0,6 procent f\u00e6rre end samme m\u00e5ned sidste \u00e5r. Den mindre tilbagegang skyldes, at lavprisselskaberne, anf\u00f8rt af Ryanair, har reduceret deres antal s\u00e6der.<\/p>\n<p>Til geng\u00e6ld gl\u00e6der adm. direkt\u00f8r i Billund Lufthavn, Jan Hessellund, sig over det det flotte chartersalg i sommerferieperioden.<\/p>\n<p>\u2013 Vi har et st\u00e6rkt udbud af rejser til de popul\u00e6re charterdestinationer, s\u00e5 vi forventer en god juli m\u00e5ned, hvor mange v\u00e6lger at tage mod varmere himmelstr\u00f8g fra Billund. Gr\u00e6kenland er den suver\u00e6nt st\u00f8rste charterdestination i \u00e5r med over 100.000 forventede rejsende i juli og august. Samtidig oplever vi en stor interesse for netv\u00e6rksruterne, der forbinder Vestdanmark med hele verden, hvor de store hubs i London, Amsterdam, Frankfurt og Paris er popul\u00e6re i \u00e5r.<\/p>\n<h3>De fem mest popul\u00e6re charterlande fra Billund i sommeren er:<\/h3>\n<ol>\n<li>Gr\u00e6kenland<\/li>\n<li>Spanien<\/li>\n<li>Tyrkiet<\/li>\n<li>Bulgarien<\/li>\n<li>Cypern<\/li>\n<\/ol>\n<h3>Fortsat tocifret v\u00e6kst i luftfragt<\/h3>\n<p>Luftfragten i Billund Lufthavn f\u00f8lger igen egne tendenser og h\u00e5ndterede 8.138 tons gods i juni. Det er en stigning p\u00e5 24,3 procent i forhold til samme m\u00e5ned sidste \u00e5r. Den globale v\u00e6kst for luftfragt er 8 procent h\u00f8jere end samme tid sidste \u00e5r, hvilket l\u00e6gger Billund Lufthavns cargooperation solidt over markedet.<\/p>\n<p>Den positive udvikling skyldes en h\u00f8jere verdensomsp\u00e6ndende eftersp\u00f8rgsel, og at raterne p\u00e5 globalt plan holder et h\u00f8jt niveau til trods for en traditionelt mere stille periode. Adm. direkt\u00f8r Jan Hessellund er glad for, at v\u00e6ksten holder ved i Billund Lufthavn.<\/p>\n<p>\u2013Vi er meget tilfredse med den fortsatte v\u00e6kst i vores luftfragtsoperation. Det er et klart tegn p\u00e5, at vores strategier b\u00e6rer frugt, og at vi form\u00e5r at im\u00f8dekomme den store globale eftersp\u00f8rgsel. Vores st\u00e6rke placering over markedsgennemsnittet vidner om vores position som en v\u00e6sentlig akt\u00f8r inden for luftfragt samt de gode partnerskaber med fragtflyselskaberne.<\/p>\n","protected":false},"excerpt":{"rendered":"<p>Billund Lufthavn forudser en travl juli med godt chartersalg og stor interesse for netv\u00e6rksruter. Cargooperationen i lufthavnen har igen oplevet tocifret v\u00e6kst.<\/p>\n","protected":false},"author":2,"featured_media":2190,"comment_status":"closed","ping_status":"open","sticky":false,"template":"","format":"standard","meta":{"jnews-multi-image_gallery":[],"jnews_single_post":{"source_name":"","source_url":"","via_name":"","via_url":"","override_template":"0","override":[{"template":"7","single_blog_custom":"","parallax":"1","fullscreen":"0","layout":"right-sidebar","sidebar":"right-content","second_sidebar":"default-sidebar","sticky_sidebar":"1","share_position":"hide","share_float_style":"share-normal","show_share_counter":"1","show_view_counter":"1","show_featured":"1","show_post_meta":"1","show_post_author":"1","show_post_author_image":"0","show_post_date":"1","post_date_format":"default","post_date_format_custom":"Y\/m\/d","show_post_category":"1","show_post_reading_time":"0","post_reading_time_wpm":"300","post_calculate_word_method":"str_word_count","show_zoom_button":"0","zoom_button_out_step":"2","zoom_button_in_step":"3","show_post_tag":"1","show_prev_next_post":"0","show_popup_post":"1","number_popup_post":"1","show_author_box":"0","show_post_related":"0","show_inline_post_related":"0"}],"override_image_size":"0","image_override":[{"single_post_thumbnail_size":"no-crop","single_post_gallery_size":"crop-715"}],"trending_post":"0","trending_post_position":"meta","trending_post_label":"Trending","sponsored_post":"0","sponsored_post_label":"Sponsored by","sponsored_post_name":"","sponsored_post_url":"","sponsored_post_logo_enable":"0","sponsored_post_logo":"","sponsored_post_desc":"","disable_ad":"0"},"jnews_primary_category":{"id":"","hide":""},"footnotes":""},"categories":[12],"tags":[],"class_list":["post-2186","post","type-post","status-publish","format-standard","has-post-thumbnail","hentry","category-rejser"],"_links":{"self":[{"href":"https:\/\/www.dknyheder.dk\/da-dk\/wp-json\/wp\/v2\/posts\/2186","targetHints":{"allow":["GET"]}}],"collection":[{"href":"https:\/\/www.dknyheder.dk\/da-dk\/wp-json\/wp\/v2\/posts"}],"about":[{"href":"https:\/\/www.dknyheder.dk\/da-dk\/wp-json\/wp\/v2\/types\/post"}],"author":[{"embeddable":true,"href":"https:\/\/www.dknyheder.dk\/da-dk\/wp-json\/wp\/v2\/users\/2"}],"replies":[{"embeddable":true,"href":"https:\/\/www.dknyheder.dk\/da-dk\/wp-json\/wp\/v2\/comments?post=2186"}],"version-history":[{"count":0,"href":"https:\/\/www.dknyheder.dk\/da-dk\/wp-json\/wp\/v2\/posts\/2186\/revisions"}],"wp:featuredmedia":[{"embeddable":true,"href":"https:\/\/www.dknyheder.dk\/da-dk\/wp-json\/wp\/v2\/media\/2190"}],"wp:attachment":[{"href":"https:\/\/www.dknyheder.dk\/da-dk\/wp-json\/wp\/v2\/media?parent=2186"}],"wp:term":[{"taxonomy":"category","embeddable":true,"href":"https:\/\/www.dknyheder.dk\/da-dk\/wp-json\/wp\/v2\/categories?post=2186"},{"taxonomy":"post_tag","embeddable":true,"href":"https:\/\/www.dknyheder.dk\/da-dk\/wp-json\/wp\/v2\/tags?post=2186"}],"curies":[{"name":"wp","href":"https:\/\/api.w.org\/{rel}","templated":true}]}}