{"id":2192,"date":"2024-07-02T00:22:50","date_gmt":"2024-07-01T22:22:50","guid":{"rendered":"https:\/\/www.dknyheder.dk\/da-dk\/?p=2192"},"modified":"2024-07-02T00:23:35","modified_gmt":"2024-07-01T22:23:35","slug":"totalfodbold-og-tirsdagstraenerne-faar-premiere-paa-tv-2","status":"publish","type":"post","link":"https:\/\/www.dknyheder.dk\/da-dk\/sport\/fodbold\/totalfodbold-og-tirsdagstraenerne-faar-premiere-paa-tv-2\/2192\/","title":{"rendered":"&#8216;Totalfodbold&#8217; og &#8216;Tirsdagstr\u00e6nerne&#8217; f\u00e5r premiere p\u00e5 TV 2"},"content":{"rendered":"<p>&#8216;Totalfodbold&#8217; bliver TV 2s fodboldflagskib i d\u00e6kningen af 3F Superliga. En totaloplevelse der foruden mandagskampen behandler hele Superliga-runden og giver nye perspektiver p\u00e5 de store historier i landets bedste fodboldr\u00e6kke.<\/p>\n<p>&#8211; &#8216;Totalfodbold&#8217; er ikke et klassisk magasinprogram, men et fire timers format som str\u00e6kker sig over en hel aften, hvor vi b\u00e5de sender fra vores studie p\u00e5 Kv\u00e6gtorvet og p\u00e5 det stadion, hvor mandagskampen spilles, siger Kristian Bech Josefsen, chefredakt\u00f8r, TV 2 Sport og forts\u00e6tter:<\/p>\n<p>&#8211; Det bliver en anderledes opsamling p\u00e5 hele spillerunden med st\u00e6rke analyser, hvor vi tager v\u00e6rkt\u00f8jer i brug, som danske fodboldseere ikke er vant til at se.<\/p>\n<p>P\u00e5 grund af den vilde sportssommer p\u00e5 TV 2 g\u00e5r &#8216;Totalfodbold&#8217; f\u00f8rst for alvor i luften mandag 16. september p\u00e5 TV 2 Play og TV 2 Sport X. Det sker i forbindelse med ottende spillerunde i 3F Superliga og en m\u00e5neds tid efter OL i Paris. &#8216;Totalfodbold&#8217; begynder klokken 18.00, indtil mandagskampen fl\u00f8jtes i gang klokken 19.00. N\u00e5r kampen er f\u00e6rdig, er der igen &#8216;Totalfodbold&#8217; indtil klokken 22.00.<\/p>\n<p>N\u00e5r &#8216;Totalfodbold&#8217; f\u00e5r premiere, bliver det skiftevis med Camilla Martin og Morten Ankerdal som v\u00e6rter p\u00e5 stadion med fodboldeksperterne David Nielsen og Nicoline S\u00f8rensen ved deres side. Jesper Amter er v\u00e6rt i tv-studiet p\u00e5 Kv\u00e6gtorvet i Odense, hvor han har selskab af Lars Jacobsen og Jonas Hebo. Indtil det nye tv-studie kommer p\u00e5 plads, vil Jesper Amter v\u00e6re v\u00e6rt p\u00e5 stadion hver mandag med skiftende eksperter.<\/p>\n<h3>Tirsdagstr\u00e6nere med bid i<\/h3>\n<p>Tre st\u00e6rke personligheder st\u00e5r i spidsen for &#8216;Tirsdagstr\u00e6nerne&#8217;, som er et debatprogram med kant og k\u00e6rlighed til fodbold p\u00e5 TV 2 Play og TV 2 Sport X.<\/p>\n<p>TV 2 Sports fodboldredakt\u00f8r Carsten Werge taler hver tirsdag om ugens mest interessante fodboldemner herhjemme og i udlandet med TV 2s fodboldekspert David Nielsen og den tidligere FCK-direkt\u00f8r Dan Hammer. Det bliver b\u00e5de inden- og udenfor stregerne, og programmet henvender sig til de debatlystne fodboldelskere, som meget gerne m\u00e5 bidrage til diskussionen via Carsten Werges brevkasse.<\/p>\n<p>&#8211; Vi vil gerne tale og diskutere de emner, som de hardcore fans g\u00e5r op i, samt de mere brede emner som r\u00f8rer sig i dansk og international fodbold. Det skal ske med kant og k\u00e6rlighed, s\u00e5 du som seer bliver beriget med nogle sp\u00e6ndende perspektiver, samtidig med du gerne skulle blive underholdt. Og jeg gl\u00e6der mig til at f\u00e5 de mange mandagstr\u00e6neres gode input til debatten og programmet i min indbakke. Det vil give god dynamik og vitaminer til programmet hos os tirsdagstr\u00e6nere, siger Carsten Werge.<\/p>\n<p>&#8216;Tirsdagstr\u00e6nerne&#8217; f\u00e5r premiere tirsdag 23. juli.<\/p>\n<h3>3F Superliga hele ugen p\u00e5 TV 2s platforme<\/h3>\n<p>TV 2 deler fra denne sommer rettighederne til landets bedste fodboldr\u00e6kke med Viaplay og sender halvdelen af kampene fra hver spillerunde.<\/p>\n<p>Ambitionen hos TV 2 er, at 3F Superliga skal leve hele ugen &#8211; hele \u00e5ret og i hele landet. Det skal blandt andet opn\u00e5s i et st\u00e6rkt samspil mellem Sporten, Nyhederne og flere af TV 2 Regionerne, der flere steder f\u00e5r en dedikeret Superliga-korrespondent til at nyhedsd\u00e6kke klubberne.<\/p>\n","protected":false},"excerpt":{"rendered":"<p>TV 2 kommer hele vejen rundt om 3F Superliga hver mandag med fire timers &#8216;Totalfodbold&#8217;, mens der er livlig fodbolddebat i &#8216;Tirsdagstr\u00e6nerne&#8217; med Carsten Werge.<\/p>\n","protected":false},"author":2,"featured_media":2195,"comment_status":"closed","ping_status":"open","sticky":false,"template":"","format":"standard","meta":{"jnews-multi-image_gallery":[],"jnews_single_post":{"source_name":"","source_url":"","via_name":"","via_url":"","override_template":"0","override":[{"template":"7","single_blog_custom":"","parallax":"1","fullscreen":"0","layout":"right-sidebar","sidebar":"right-content","second_sidebar":"default-sidebar","sticky_sidebar":"1","share_position":"hide","share_float_style":"share-normal","show_share_counter":"1","show_view_counter":"1","show_featured":"1","show_post_meta":"1","show_post_author":"1","show_post_author_image":"0","show_post_date":"1","post_date_format":"default","post_date_format_custom":"Y\/m\/d","show_post_category":"1","show_post_reading_time":"0","post_reading_time_wpm":"300","post_calculate_word_method":"str_word_count","show_zoom_button":"0","zoom_button_out_step":"2","zoom_button_in_step":"3","show_post_tag":"1","show_prev_next_post":"0","show_popup_post":"1","number_popup_post":"1","show_author_box":"0","show_post_related":"0","show_inline_post_related":"0"}],"override_image_size":"0","image_override":[{"single_post_thumbnail_size":"no-crop","single_post_gallery_size":"crop-715"}],"trending_post":"0","trending_post_position":"meta","trending_post_label":"Trending","sponsored_post":"0","sponsored_post_label":"Sponsored by","sponsored_post_name":"","sponsored_post_url":"","sponsored_post_logo_enable":"0","sponsored_post_logo":"","sponsored_post_desc":"","disable_ad":"0"},"jnews_primary_category":{"id":"","hide":""},"footnotes":""},"categories":[320],"tags":[],"class_list":["post-2192","post","type-post","status-publish","format-standard","has-post-thumbnail","hentry","category-fodbold"],"_links":{"self":[{"href":"https:\/\/www.dknyheder.dk\/da-dk\/wp-json\/wp\/v2\/posts\/2192","targetHints":{"allow":["GET"]}}],"collection":[{"href":"https:\/\/www.dknyheder.dk\/da-dk\/wp-json\/wp\/v2\/posts"}],"about":[{"href":"https:\/\/www.dknyheder.dk\/da-dk\/wp-json\/wp\/v2\/types\/post"}],"author":[{"embeddable":true,"href":"https:\/\/www.dknyheder.dk\/da-dk\/wp-json\/wp\/v2\/users\/2"}],"replies":[{"embeddable":true,"href":"https:\/\/www.dknyheder.dk\/da-dk\/wp-json\/wp\/v2\/comments?post=2192"}],"version-history":[{"count":0,"href":"https:\/\/www.dknyheder.dk\/da-dk\/wp-json\/wp\/v2\/posts\/2192\/revisions"}],"wp:featuredmedia":[{"embeddable":true,"href":"https:\/\/www.dknyheder.dk\/da-dk\/wp-json\/wp\/v2\/media\/2195"}],"wp:attachment":[{"href":"https:\/\/www.dknyheder.dk\/da-dk\/wp-json\/wp\/v2\/media?parent=2192"}],"wp:term":[{"taxonomy":"category","embeddable":true,"href":"https:\/\/www.dknyheder.dk\/da-dk\/wp-json\/wp\/v2\/categories?post=2192"},{"taxonomy":"post_tag","embeddable":true,"href":"https:\/\/www.dknyheder.dk\/da-dk\/wp-json\/wp\/v2\/tags?post=2192"}],"curies":[{"name":"wp","href":"https:\/\/api.w.org\/{rel}","templated":true}]}}