{"id":221,"date":"2023-02-27T21:28:01","date_gmt":"2023-02-27T20:28:01","guid":{"rendered":"https:\/\/dknyheder.dk\/?p=221"},"modified":"2024-06-15T03:18:38","modified_gmt":"2024-06-15T01:18:38","slug":"praestemangel-historisk-lav-ledighed-for-teologer","status":"publish","type":"post","link":"https:\/\/www.dknyheder.dk\/da-dk\/danmark\/praestemangel-historisk-lav-ledighed-for-teologer\/221\/","title":{"rendered":"Pr\u00e6stemangel: Historisk lav ledighed for teologer"},"content":{"rendered":"<p>I december m\u00e5ned var der 40 ledige teologer if\u00f8lge Akademikernes ledighedsstatistik. <\/p>\n<p>Det svarer til en ledighedsprocent p\u00e5 2,4 pct. For kvindelige teologer er ledighedsprocenten helt nede p\u00e5 1,8 pct. Det er udtryk for, at der er fuld besk\u00e6ftigelse for alle uddannede teologer. <\/p>\n<p>Der er tale om en historisk lav ledighed for uddannede teologer, og det m\u00e5 give panderynker hos de arbejdsgivere, der er afh\u00e6ngig af ansatte med teologisk uddannelse.<\/p>\n<p>\u201dSom formand for Pr\u00e6steforeningen burde jeg v\u00e6re stjerneglad for disse ledighedstal, men jeg er desv\u00e6rre meget bekymret for, hvad det kommer til at betyde for vores arbejdspladser.<\/p>\n<p>Arbejdsmilj\u00f8et er h\u00e5rdt presset, og det hj\u00e6lper ikke, hvis der ikke er nok pr\u00e6ster til at hj\u00e6lpe folkekirkens medlemmer med de behov, de har\u201d, siger Pernille Vigs\u00f8 Bagge formand for Pr\u00e6steforeningen.<\/p>\n<p>De nyeste ledighedstal kommer p\u00e5 et tidspunkt, hvor der p\u00e5 de universiteter, der uddanner teologer, har v\u00e6ret usikkerhed om bevillingen til det teologiske studie for de kommende \u00e5r, og hvor den ekstra dimensionering af uddannelser, som er en del af den politiske aftale om udflytning af uddannelser, medf\u00f8rer risiko for reduceret optag og dermed f\u00e6rre teologiske kandidater til at tage over for dem, der forlader arbejdsmarkedet i de kommende \u00e5r.<\/p>\n<p>\u201dPr\u00e6steforeningen har en r\u00e6kke forslag til, hvordan vi skal h\u00e5ndtere pr\u00e6stemanglen, men vi kan desv\u00e6rre ikke g\u00f8re det alene.<\/p>\n<p>Det er kirkeministeren, der som arbejdsgiver ans\u00e6tter pr\u00e6ster, og regeringen, der bestemmer, hvor mange der skal uddannes.<\/p>\n<p>Jeg h\u00e5ber derfor, at kirkeministeren vil tage imod vores opfordring til at prioritere pr\u00e6stemangel politisk, og at vi som faglig organisation selvf\u00f8lgelig bliver taget med p\u00e5 r\u00e5d\u201d, siger Pernille Vigs\u00f8 Bagge.<\/p>\n","protected":false},"excerpt":{"rendered":"<p>I december m\u00e5ned var der 40 ledige teologer if\u00f8lge Akademikernes ledighedsstatistik. Det svarer til en ledighedsprocent p\u00e5 2,4 pct. For kvindelige teologer er ledighedsprocenten helt nede p\u00e5 1,8 pct. Det er udtryk for, at der er fuld besk\u00e6ftigelse for alle uddannede teologer. Der er tale om en historisk lav ledighed for uddannede teologer, og det [&hellip;]<\/p>\n","protected":false},"author":2,"featured_media":222,"comment_status":"closed","ping_status":"open","sticky":false,"template":"","format":"standard","meta":{"jnews-multi-image_gallery":[],"jnews_single_post":[],"jnews_primary_category":[],"footnotes":""},"categories":[3],"tags":[56,54,55],"class_list":["post-221","post","type-post","status-publish","format-standard","has-post-thumbnail","hentry","category-danmark","tag-praesteforeningen","tag-praestemangel","tag-teolog"],"_links":{"self":[{"href":"https:\/\/www.dknyheder.dk\/da-dk\/wp-json\/wp\/v2\/posts\/221","targetHints":{"allow":["GET"]}}],"collection":[{"href":"https:\/\/www.dknyheder.dk\/da-dk\/wp-json\/wp\/v2\/posts"}],"about":[{"href":"https:\/\/www.dknyheder.dk\/da-dk\/wp-json\/wp\/v2\/types\/post"}],"author":[{"embeddable":true,"href":"https:\/\/www.dknyheder.dk\/da-dk\/wp-json\/wp\/v2\/users\/2"}],"replies":[{"embeddable":true,"href":"https:\/\/www.dknyheder.dk\/da-dk\/wp-json\/wp\/v2\/comments?post=221"}],"version-history":[{"count":0,"href":"https:\/\/www.dknyheder.dk\/da-dk\/wp-json\/wp\/v2\/posts\/221\/revisions"}],"wp:featuredmedia":[{"embeddable":true,"href":"https:\/\/www.dknyheder.dk\/da-dk\/wp-json\/wp\/v2\/media\/222"}],"wp:attachment":[{"href":"https:\/\/www.dknyheder.dk\/da-dk\/wp-json\/wp\/v2\/media?parent=221"}],"wp:term":[{"taxonomy":"category","embeddable":true,"href":"https:\/\/www.dknyheder.dk\/da-dk\/wp-json\/wp\/v2\/categories?post=221"},{"taxonomy":"post_tag","embeddable":true,"href":"https:\/\/www.dknyheder.dk\/da-dk\/wp-json\/wp\/v2\/tags?post=221"}],"curies":[{"name":"wp","href":"https:\/\/api.w.org\/{rel}","templated":true}]}}