{"id":276,"date":"2023-02-28T10:37:26","date_gmt":"2023-02-28T09:37:26","guid":{"rendered":"https:\/\/dknyheder.dk\/?p=276"},"modified":"2024-06-15T03:18:56","modified_gmt":"2024-06-15T01:18:56","slug":"book-gratis-billet-til-oekodag-og-vaer-med-til-at-fejre-dyrevelfaerden","status":"publish","type":"post","link":"https:\/\/www.dknyheder.dk\/da-dk\/danmark\/book-gratis-billet-til-oekodag-og-vaer-med-til-at-fejre-dyrevelfaerden\/276\/","title":{"rendered":"Book gratis billet til \u00d8kodag og v\u00e6r med til at fejre dyrevelf\u00e6rden"},"content":{"rendered":"<p>Alle \u00f8kologiske k\u00f8er skal p\u00e5 gr\u00e6s i sommerhalv\u00e5ret, og det fejrer vi p\u00e5 \u00d8kodag s\u00f8ndag den 16. april, n\u00e5r 47 g\u00e5rde \u00e5bner g\u00e5rdspladsen for danskerne og staldd\u00f8ren for k\u00f8erne. Book din billet nu.<\/p>\n<p>Det er 19. gang, \u00d8kologisk Landsforening sender dyrene p\u00e5 gr\u00e6s til \u00d8kodag. Det g\u00f8r vi for at fejre dyrevelf\u00e6rden og for at g\u00f8re opm\u00e6rksom p\u00e5, at k\u00f8er skal p\u00e5 gr\u00e6s i stedet for at st\u00e5 i stalden hele \u00e5ret.<\/p>\n<p>\u201dDet er et fast holdepunkt for os \u00f8kologer, at k\u00f8er skal p\u00e5 gr\u00e6s i sommerhalv\u00e5ret. P\u00e5 \u00d8kodag f\u00e5r hele Danmark at se, hvordan k\u00f8erne nyder at komme ud p\u00e5 gr\u00e6sset. Det er et till\u00f8bsstykke. Derudover h\u00e5ber vi, at \u00f8kok\u00f8ernes gl\u00e6de kan inspirere vores ikke-\u00f8kologiske kolleger til ogs\u00e5 at lukke deres k\u00f8er ud af stalden. Det er bare god dyrevelf\u00e6rd. Og s\u00e5 har det en masse afledte effekter p\u00e5 biodiversiteten, naturen og drikkevandet. Vi gl\u00e6der os til \u00d8kodag,\u201d siger Louise K\u00f8ster, der er forperson hos \u00d8kologisk Landsforening.<\/p>\n<p>De 47 \u00d8kodagsg\u00e5rde er fordelt ud over hele landet, og der er udbudt samlet godt 150.000 billetter til \u00d8kodag. Det er de enkelte g\u00e5rde selv, der vurderer, hvor mange g\u00e6ster de har plads til, og hvor mange billetter de dermed vil udbyde.<\/p>\n<p>Sidste \u00e5r var f\u00f8rste \u00e5r med billetbooking, og der blev billetterne til nogle g\u00e5rde hurtigt \u201dudsolgt\u201d, s\u00e5 skynd dig at g\u00e5 ind p\u00e5 kortet, find den g\u00e5rd, du vil bes\u00f8ge og book din billet med det samme.<\/p>\n<p>Igen i \u00e5r er det gratis at deltage i \u00d8kodag.<\/p>\n<p>S\u00e5dan fordeler de 47 g\u00e5rde til \u00d8kodag sig i Danmark:<\/p>\n<table>\n<tbody>\n<tr>\n<td><strong>Landsdel<\/strong><\/td>\n<td><strong>Antal g\u00e5rde<\/strong><\/td>\n<\/tr>\n<tr>\n<td>Nordjylland<\/td>\n<td>11<\/td>\n<\/tr>\n<tr>\n<td>S\u00f8nderjylland<\/td>\n<td>11<\/td>\n<\/tr>\n<tr>\n<td>Vestjylland<\/td>\n<td>9<\/td>\n<\/tr>\n<tr>\n<td>\u00d8stjylland<\/td>\n<td>7<\/td>\n<\/tr>\n<tr>\n<td>Fyn<\/td>\n<td>3<\/td>\n<\/tr>\n<tr>\n<td>Nordsj\u00e6lland<\/td>\n<td>3<\/td>\n<\/tr>\n<tr>\n<td>Vest- og Sydsj\u00e6lland<\/td>\n<td>3<\/td>\n<\/tr>\n<\/tbody>\n<\/table>\n<p>G\u00e5 til <a href=\"https:\/\/\u00f8kodag.dk\/find-vaert\/\" rel=\"noopener nofollow sponsored\" target=\"_blank\">\u00f8kodag.dk<\/a> og tjek Danmarks-kortet for at finde den g\u00e5rd, du vil ud p\u00e5.<\/p>\n<h3>Om \u00d8kodag<\/h3>\n<p>Som dansker er du en del af verdens \u00f8kologination nummer \u00e9t. Vi er det land i verden, der k\u00f8ber flest \u00f8kologiske f\u00f8devarer. S\u00e5 n\u00e5r de \u00f8kologiske landm\u00e6nd over hele landet hvert \u00e5r inviterer til \u00d8kodag, plejer det at v\u00e6re et stort till\u00f8bsstykke med mere end 150.000 deltagere.<\/p>\n<ul>\n<li>\u00d8kodag\u00ae er et registreret varem\u00e6rke, hvilket betyder, at man altid skal n\u00e6vne \u00d8kologisk Landsforening i sammenh\u00e6ng med \u00d8kodag.<\/li>\n<li>\u00d8kodag har eksisteret siden 2005.<\/li>\n<li>\u00d8kodag arrangeres af \u00d8kologisk Landsforening i samarbejde med de \u00f8kologiske landm\u00e6nd og de \u00f8kologiske mejerier Arla, Thise, Naturm\u00e6lk, \u00d8llingegaard, Them og Gl\u00e4serne Meierei. \u00d8kodag har f\u00e5et midler fra M\u00e6lkeafgiftsfonden og Fonden for \u00d8kologisk Landbrug.<\/li>\n<\/ul>\n","protected":false},"excerpt":{"rendered":"<p>Tilmeldingen til \u00d8kodag er nu \u00e5ben. Skynd dig ind p\u00e5 \u00f8kodag.dk og book billet til din yndlingsg\u00e5rd, hvis du vil v\u00e6re med til at fejre dyrevelf\u00e6rden.<\/p>\n","protected":false},"author":2,"featured_media":280,"comment_status":"closed","ping_status":"open","sticky":false,"template":"","format":"standard","meta":{"jnews-multi-image_gallery":[],"jnews_single_post":{"source_name":"","source_url":"","via_name":"","via_url":"","override_template":"0","override":[{"template":"7","single_blog_custom":"","parallax":"1","fullscreen":"0","layout":"no-sidebar-narrow","sidebar":"default-sidebar","second_sidebar":"default-sidebar","sticky_sidebar":"1","share_position":"float","share_float_style":"share-normal","show_share_counter":"1","show_view_counter":"1","show_featured":"1","show_post_meta":"1","show_post_author":"1","show_post_author_image":"1","show_post_date":"1","post_date_format":"default","post_date_format_custom":"Y\/m\/d","show_post_category":"1","show_post_reading_time":"0","post_reading_time_wpm":"300","show_zoom_button":"0","zoom_button_out_step":"2","zoom_button_in_step":"3","show_post_tag":"1","show_prev_next_post":"0","show_popup_post":"1","number_popup_post":"1","show_author_box":"1","show_post_related":"1","show_inline_post_related":"1"}],"override_image_size":"0","image_override":[{"single_post_thumbnail_size":"crop-500","single_post_gallery_size":"crop-500"}],"trending_post":"0","trending_post_position":"meta","trending_post_label":"Trending","sponsored_post":"0","sponsored_post_label":"Sponsored by","sponsored_post_name":"","sponsored_post_url":"","sponsored_post_logo_enable":"0","sponsored_post_logo":"","sponsored_post_desc":"","disable_ad":"0"},"jnews_primary_category":{"id":"","hide":""},"footnotes":""},"categories":[3],"tags":[64,63],"class_list":["post-276","post","type-post","status-publish","format-standard","has-post-thumbnail","hentry","category-danmark","tag-dyrevelfaerd","tag-oekodag"],"_links":{"self":[{"href":"https:\/\/www.dknyheder.dk\/da-dk\/wp-json\/wp\/v2\/posts\/276","targetHints":{"allow":["GET"]}}],"collection":[{"href":"https:\/\/www.dknyheder.dk\/da-dk\/wp-json\/wp\/v2\/posts"}],"about":[{"href":"https:\/\/www.dknyheder.dk\/da-dk\/wp-json\/wp\/v2\/types\/post"}],"author":[{"embeddable":true,"href":"https:\/\/www.dknyheder.dk\/da-dk\/wp-json\/wp\/v2\/users\/2"}],"replies":[{"embeddable":true,"href":"https:\/\/www.dknyheder.dk\/da-dk\/wp-json\/wp\/v2\/comments?post=276"}],"version-history":[{"count":0,"href":"https:\/\/www.dknyheder.dk\/da-dk\/wp-json\/wp\/v2\/posts\/276\/revisions"}],"wp:featuredmedia":[{"embeddable":true,"href":"https:\/\/www.dknyheder.dk\/da-dk\/wp-json\/wp\/v2\/media\/280"}],"wp:attachment":[{"href":"https:\/\/www.dknyheder.dk\/da-dk\/wp-json\/wp\/v2\/media?parent=276"}],"wp:term":[{"taxonomy":"category","embeddable":true,"href":"https:\/\/www.dknyheder.dk\/da-dk\/wp-json\/wp\/v2\/categories?post=276"},{"taxonomy":"post_tag","embeddable":true,"href":"https:\/\/www.dknyheder.dk\/da-dk\/wp-json\/wp\/v2\/tags?post=276"}],"curies":[{"name":"wp","href":"https:\/\/api.w.org\/{rel}","templated":true}]}}