{"id":300,"date":"2023-02-28T11:54:16","date_gmt":"2023-02-28T10:54:16","guid":{"rendered":"https:\/\/dknyheder.dk\/?p=300"},"modified":"2024-06-15T03:19:11","modified_gmt":"2024-06-15T01:19:11","slug":"landbrug-foedevarer-hoej-og-ensartet-co2-afgift-kan-skabe-konkursboelge","status":"publish","type":"post","link":"https:\/\/www.dknyheder.dk\/da-dk\/erhverv\/landbrug-foedevarer-hoej-og-ensartet-co2-afgift-kan-skabe-konkursboelge\/300\/","title":{"rendered":"Landbrug &#038; F\u00f8devarer: H\u00f8j og ensartet CO2-afgift kan skabe konkursb\u00f8lge"},"content":{"rendered":"<p>Tab af danske arbejdspladser, udflytning af landbrug- og f\u00f8devareproduktion til udlandet og f\u00e6rre muligheder for at videreudvikle innovative og b\u00e6redygtige l\u00f8sninger kan blive konsekvenserne, hvis vi i Danmark f\u00f8lger de anbefalinger, som Klimar\u00e5det kommer med i deres \u00e5rlige statusrapport.<\/p>\n<p>Klimar\u00e5det peger nemlig p\u00e5 en ensartet, h\u00f8j CO2-afgift, der vil betyde afvikling af dansk f\u00f8devareproduktion. SVM-regeringen har ellers lagt en helt anden linje i regeringsgrundlaget og sagt meget klart, at en CO2-afgift p\u00e5 landbrugets biologiske processer ikke m\u00e5 skade konkurrenceevnen, og det er heldigvis en helt anden linje end Klimar\u00e5dets.<\/p>\n<p>\u00bbAfvikling af produktionen er ikke vejen frem. Det er udvikling derimod, for vi bliver flere mennesker i verden, og forbruget af f\u00f8devarer stiger. Vi b\u00e5de kan og vil levere p\u00e5 de gr\u00f8nne l\u00f8sninger, men ved en h\u00f8j, ensartet CO2-afgift vil der komme en konkursb\u00f8lge, ske tab for den finansielle sektor, tab af arbejdspladser og en sk\u00e6vvridning mellem land og by,\u00ab siger klimadirekt\u00f8r i Landbrug &#038; F\u00f8devarer, Niels Peter N\u00f8rring. <\/p>\n<p>\u00bbI stedet for en h\u00f8j, ensartet CO2-afgift \u00f8nsker vi, at man s\u00e6tter ind med at udvikle nye teknologier og udbrede de eksisterende, ligesom vi skal sikre, at der ikke er barrierer for udrulning af den gr\u00f8nne omstilling. Blandt andet skal barriererne for udtagning af lavbundsarealerne nedbrydes, og farten for udtagningen s\u00e6ttes op, som Klimar\u00e5det ogs\u00e5 selv foresl\u00e5r,\u00ab siger han.<\/p>\n<p>Derudover konkluderer Klimar\u00e5det i statusrapporten, at det ikke er anskueliggjort, at regeringens klimaindsats vil sikre opfyldelse af 70 procentsm\u00e5let blandt andet med henvisning til landbrugsomr\u00e5det. Landbrug &#038; F\u00f8devarer er uforst\u00e5ende over for, at Klimar\u00e5det ikke medregner udviklingssporet i landbrugsaftalen p\u00e5 i alt 5 mio. ton. Vi arbejder i landbruget og hele f\u00f8devaresektoren p\u00e5 at n\u00e5 de 5 mio. ton og dermed opfylde det bindende reduktionsm\u00e5l for land- og skovbrugssektorens drivhusgasudledninger p\u00e5 55-65 procent i 2023 i forhold til udledningen i 1990.<\/p>\n<p>\u00bbKlimar\u00e5det har en forsimplet tilgang til et globalt sp\u00f8rgsm\u00e5l. B\u00e5de i Danmark og p\u00e5 verdensmarkedet er der eftersp\u00f8rgsel efter b\u00e5de animalske og plantebaserede produkter, og opgaven for os er at udvikle alle sektorer fremadrettet \u2013 ikke at stoppe med at producere herhjemme,\u00ab siger Niels Peter N\u00f8rring.<\/p>\n","protected":false},"excerpt":{"rendered":"<p>Landbrug &#038; F\u00f8devarer vil levere p\u00e5 de gr\u00f8nne l\u00f8sninger, men ved en h\u00f8j, ensartet CO2-afgift, som Klimar\u00e5det anbefaler, vil der komme en konkursb\u00f8lge, ske tab af arbejdspladser og tab for den finansielle sektor.<\/p>\n","protected":false},"author":2,"featured_media":301,"comment_status":"closed","ping_status":"open","sticky":false,"template":"","format":"standard","meta":{"jnews-multi-image_gallery":[],"jnews_single_post":{"source_name":"","source_url":"","via_name":"","via_url":"","override_template":"0","override":[{"template":"7","single_blog_custom":"","parallax":"1","fullscreen":"0","layout":"no-sidebar-narrow","sidebar":"default-sidebar","second_sidebar":"default-sidebar","sticky_sidebar":"1","share_position":"float","share_float_style":"share-normal","show_share_counter":"1","show_view_counter":"1","show_featured":"1","show_post_meta":"1","show_post_author":"1","show_post_author_image":"1","show_post_date":"1","post_date_format":"default","post_date_format_custom":"Y\/m\/d","show_post_category":"1","show_post_reading_time":"0","post_reading_time_wpm":"300","show_zoom_button":"0","zoom_button_out_step":"2","zoom_button_in_step":"3","show_post_tag":"1","show_prev_next_post":"0","show_popup_post":"1","number_popup_post":"1","show_author_box":"1","show_post_related":"1","show_inline_post_related":"1"}],"override_image_size":"0","image_override":[{"single_post_thumbnail_size":"crop-500","single_post_gallery_size":"crop-500"}],"trending_post":"0","trending_post_position":"meta","trending_post_label":"Trending","sponsored_post":"0","sponsored_post_label":"Sponsored by","sponsored_post_name":"","sponsored_post_url":"","sponsored_post_logo_enable":"0","sponsored_post_logo":"","sponsored_post_desc":"","disable_ad":"0"},"jnews_primary_category":{"id":"","hide":""},"footnotes":""},"categories":[10],"tags":[71,72,70],"class_list":["post-300","post","type-post","status-publish","format-standard","has-post-thumbnail","hentry","category-erhverv","tag-co2-afgift","tag-konkursboelge","tag-landbrug-foedevarer"],"_links":{"self":[{"href":"https:\/\/www.dknyheder.dk\/da-dk\/wp-json\/wp\/v2\/posts\/300","targetHints":{"allow":["GET"]}}],"collection":[{"href":"https:\/\/www.dknyheder.dk\/da-dk\/wp-json\/wp\/v2\/posts"}],"about":[{"href":"https:\/\/www.dknyheder.dk\/da-dk\/wp-json\/wp\/v2\/types\/post"}],"author":[{"embeddable":true,"href":"https:\/\/www.dknyheder.dk\/da-dk\/wp-json\/wp\/v2\/users\/2"}],"replies":[{"embeddable":true,"href":"https:\/\/www.dknyheder.dk\/da-dk\/wp-json\/wp\/v2\/comments?post=300"}],"version-history":[{"count":0,"href":"https:\/\/www.dknyheder.dk\/da-dk\/wp-json\/wp\/v2\/posts\/300\/revisions"}],"wp:featuredmedia":[{"embeddable":true,"href":"https:\/\/www.dknyheder.dk\/da-dk\/wp-json\/wp\/v2\/media\/301"}],"wp:attachment":[{"href":"https:\/\/www.dknyheder.dk\/da-dk\/wp-json\/wp\/v2\/media?parent=300"}],"wp:term":[{"taxonomy":"category","embeddable":true,"href":"https:\/\/www.dknyheder.dk\/da-dk\/wp-json\/wp\/v2\/categories?post=300"},{"taxonomy":"post_tag","embeddable":true,"href":"https:\/\/www.dknyheder.dk\/da-dk\/wp-json\/wp\/v2\/tags?post=300"}],"curies":[{"name":"wp","href":"https:\/\/api.w.org\/{rel}","templated":true}]}}