{"id":325,"date":"2023-02-28T13:35:26","date_gmt":"2023-02-28T12:35:26","guid":{"rendered":"https:\/\/dknyheder.dk\/?p=325"},"modified":"2024-06-15T03:19:32","modified_gmt":"2024-06-15T01:19:32","slug":"nyt-og-styrket-tilbud-til-unge-tv-2-samler-echo-og-zulu","status":"publish","type":"post","link":"https:\/\/www.dknyheder.dk\/da-dk\/danmark\/nyt-og-styrket-tilbud-til-unge-tv-2-samler-echo-og-zulu\/325\/","title":{"rendered":"Nyt og styrket tilbud til unge: TV 2 samler Echo og Zulu"},"content":{"rendered":"<p>TV 2 br\u00e6nder for at samle, oplyse og ikke mindst engagere danskerne \u2013 det g\u00e6lder ogs\u00e5 for de 20-30-\u00e5rige, som TV 2 gerne vil have en st\u00e6rkere relation til. Derfor samles Echo og Zulu i \u00e9t ungetilbud fra 27. marts under navnet TV 2 Echo.<\/p>\n<p>&#8211; Det er en helt central opgave for os at blive ved med at v\u00e6re relevante for de mere end 800.000 danskere, der er mellem 20 og 30 \u00e5r, og sikre, at vi er med til at starte samtaler, skabe nysgerrighed og inspiration med en styrket tilstedev\u00e6relse der, hvor m\u00e5lgruppen befinder sig, sigerTV 2s indholdsdirekt\u00f8r, Lotte Lindegaard.<\/p>\n<p>Det nye TV 2 Echo udkommer p\u00e5 tv\u00e6rs af medier og platforme og fremover med en tydelig og ensartet identitet. Det bliver et TV 2 Echo med flere forskellige genrer for m\u00e5lgruppen og med fort\u00e6llinger, som er udviklet sammen med dem.<\/p>\n<p>&#8211; Med det nye TV 2 Echo udvider vi med flere genrer og fort\u00e6ller historier fra m\u00e5lgruppens perspektiv i et bredt mix af reality, fiktion, dokumentar og aktualitetshistorier. Vi vil ogs\u00e5 samle de yngre seere om alt det, vi deler, og ved at g\u00f8re det under \u00e9t brand bliver det tydeligere, hvad m\u00e5lgruppen kan forvente at f\u00e5 hos os, sigerLotte Lindegaard.<\/p>\n<h3>TV 2 Echo b\u00e6rer st\u00e6rke Zulu-formater videre<\/h3>\n<p>TV 2 Echos redaktion har siden 2018 udviklet et alternativt aktualitetstilbud med ambitionen om at levere public service-indhold fortalt af unge til unge. TV 2 Echo er f\u00f8dt som et digitalt indholdsunivers, der afspejler m\u00e5lgruppens massive tilstedev\u00e6relse p\u00e5 sociale medier, hvor TV 2 Echo er lykkedes med at skabe en st\u00e6rk relation til m\u00e5lgruppen. Det arbejde skal videreudvikles og styrkes, n\u00e5r TV 2 fremover samler alt ungeindhold i en f\u00e6lles ramme under TV 2 Echo.<\/p>\n<p>&#8211; N\u00e5r vi samler to indholdsbrands, er det med ambitionen om at skabe et bredere og mere dynamisk indholdstilbud. Echos programtemaer bredes ud i flere fort\u00e6llinger og formater p\u00e5 sociale medier samt p\u00e5 tv2.dk. Tv2.dk er der, hvor vi lige nu har allerbedst fat i m\u00e5lgruppen, s\u00e5 ved siden af TV 2 Echo intensiverer vi vores digitale nyhedsindsats over for dem. De unge vil gerne opdateres, og det er en central public service-opgave for os at bidrage til, siger Lotte Lindegaard.<\/p>\n<p>Med sammenl\u00e6gningen af TV 2 Zulu og TV 2 Echo udvides TV 2 Echos nuv\u00e6rende aktualitetsfort\u00e6llinger med formater og genrer, som Zulu gennem 20 \u00e5r har skabt grundpillerne til.<\/p>\n<p>Selvom dele af Zulus dna fortsat vil leve videre i TV 2 Echo, siger TV 2 ogs\u00e5 farvel til et brand, der har betydet meget for seerne og TV 2 siden starten af \u00e5r 2000.<\/p>\n<p>&#8211; Zulu har repr\u00e6senteret det unge og originale i mange \u00e5r og leveret fantastisk underholdning og dagsordens\u00e6ttende begivenheder, vi aldrig vil glemme. Zulu har dog ikke l\u00e6ngere den relevans hos m\u00e5lgruppen, som den havde i brandets ungdom, og derfor er tiden nu kommet til at g\u00f8re noget nyt. Verden \u00e6ndrer sig, og vi skal forny os og skifte spor p\u00e5 det rigtige tidspunkt. Med k\u00e6mpe stolthed tager vi gode erfaringer og st\u00e6rke formater med videre, n\u00e5r vi samler kr\u00e6fterne i TV 2 Echo, siger Lotte Lindegaard.<\/p>\n<p>TV 2 Echos nye identitet udrulles p\u00e5 alle platforme 27. marts, hvor den officielle sammenl\u00e6gning af Zulu og Echo tr\u00e6der i kraft. Herefter vil velkendte og nye formater l\u00f8bende blive lanceret og forme det nye TV 2 Echo. Startskuddet lyder, n\u00e5r \u2019Zulu Awards\u2019 transformeres til \u2019EchoPrisen\u2019, der viderebringer den traditionsrige hyldest af alt det bedste, vi har set, h\u00f8rt og delt med en k\u00e6mpe fest fra scenen i K.B. Hallen 30. marts 2023. Festen forts\u00e6tter p\u00e5 TV 2 Play og TV 2 Echo, n\u00e5r \u2019EchoPrisen\u2019 sendes 2. april.<\/p>\n","protected":false},"excerpt":{"rendered":"<p>Echo og Zulu samles i \u00e9t ungetilbud fra 27. marts under navnet TV 2 Echo.<\/p>\n","protected":false},"author":2,"featured_media":326,"comment_status":"closed","ping_status":"open","sticky":false,"template":"","format":"standard","meta":{"jnews-multi-image_gallery":[],"jnews_single_post":{"source_name":"","source_url":"","via_name":"","via_url":"","override_template":"0","override":[{"template":"7","single_blog_custom":"","parallax":"1","fullscreen":"0","layout":"no-sidebar-narrow","sidebar":"default-sidebar","second_sidebar":"default-sidebar","sticky_sidebar":"1","share_position":"float","share_float_style":"share-normal","show_share_counter":"1","show_view_counter":"1","show_featured":"1","show_post_meta":"1","show_post_author":"1","show_post_author_image":"1","show_post_date":"1","post_date_format":"default","post_date_format_custom":"Y\/m\/d","show_post_category":"1","show_post_reading_time":"0","post_reading_time_wpm":"300","show_zoom_button":"0","zoom_button_out_step":"2","zoom_button_in_step":"3","show_post_tag":"1","show_prev_next_post":"0","show_popup_post":"1","number_popup_post":"1","show_author_box":"1","show_post_related":"0","show_inline_post_related":"0"}],"override_image_size":"0","image_override":[{"single_post_thumbnail_size":"crop-500","single_post_gallery_size":"crop-500"}],"trending_post":"0","trending_post_position":"meta","trending_post_label":"Trending","sponsored_post":"0","sponsored_post_label":"Sponsored by","sponsored_post_name":"","sponsored_post_url":"","sponsored_post_logo_enable":"0","sponsored_post_logo":"","sponsored_post_desc":"","disable_ad":"0"},"jnews_primary_category":{"id":"","hide":""},"footnotes":""},"categories":[3],"tags":[94,95,93],"class_list":["post-325","post","type-post","status-publish","format-standard","has-post-thumbnail","hentry","category-danmark","tag-tv-2-echo","tag-tv-2-zulu","tag-tv2"],"_links":{"self":[{"href":"https:\/\/www.dknyheder.dk\/da-dk\/wp-json\/wp\/v2\/posts\/325","targetHints":{"allow":["GET"]}}],"collection":[{"href":"https:\/\/www.dknyheder.dk\/da-dk\/wp-json\/wp\/v2\/posts"}],"about":[{"href":"https:\/\/www.dknyheder.dk\/da-dk\/wp-json\/wp\/v2\/types\/post"}],"author":[{"embeddable":true,"href":"https:\/\/www.dknyheder.dk\/da-dk\/wp-json\/wp\/v2\/users\/2"}],"replies":[{"embeddable":true,"href":"https:\/\/www.dknyheder.dk\/da-dk\/wp-json\/wp\/v2\/comments?post=325"}],"version-history":[{"count":0,"href":"https:\/\/www.dknyheder.dk\/da-dk\/wp-json\/wp\/v2\/posts\/325\/revisions"}],"wp:featuredmedia":[{"embeddable":true,"href":"https:\/\/www.dknyheder.dk\/da-dk\/wp-json\/wp\/v2\/media\/326"}],"wp:attachment":[{"href":"https:\/\/www.dknyheder.dk\/da-dk\/wp-json\/wp\/v2\/media?parent=325"}],"wp:term":[{"taxonomy":"category","embeddable":true,"href":"https:\/\/www.dknyheder.dk\/da-dk\/wp-json\/wp\/v2\/categories?post=325"},{"taxonomy":"post_tag","embeddable":true,"href":"https:\/\/www.dknyheder.dk\/da-dk\/wp-json\/wp\/v2\/tags?post=325"}],"curies":[{"name":"wp","href":"https:\/\/api.w.org\/{rel}","templated":true}]}}