{"id":345,"date":"2023-02-28T14:56:49","date_gmt":"2023-02-28T13:56:49","guid":{"rendered":"https:\/\/dknyheder.dk\/?p=345"},"modified":"2024-06-15T03:19:55","modified_gmt":"2024-06-15T01:19:55","slug":"der-er-for-faa-ladepunkter-til-elbiler-i-danmark","status":"publish","type":"post","link":"https:\/\/www.dknyheder.dk\/da-dk\/erhverv\/der-er-for-faa-ladepunkter-til-elbiler-i-danmark\/345\/","title":{"rendered":"Der er for f\u00e5 ladepunkter til elbiler i Danmark"},"content":{"rendered":"<p>Antallet af elbiler i EU er steget n\u00e6sten 3 gange s\u00e5 meget som antallet af ladepunkter de sidste seks \u00e5r. Mens der i 2016 var 77.038 ladepunkter p\u00e5 tv\u00e6rs af EU-landene, var der 479.396 i 2022. Til sammenligning er elbilbestanden vokset fra 118.542 til 1.996.738 i samme periode.<\/p>\n<p><img decoding=\"async\" src=\"https:\/\/dknyheder.dk\/wp-content\/uploads\/2023\/02\/lande-med-flest-og-faerrest-ladepunkter-i-eu.png\" alt=\"\" width=\"900\" height=\"600\" class=\"alignnone size-full wp-image-347\" srcset=\"https:\/\/www.dknyheder.dk\/da-dk\/wp-content\/uploads\/2023\/02\/lande-med-flest-og-faerrest-ladepunkter-i-eu.png 900w, https:\/\/www.dknyheder.dk\/da-dk\/wp-content\/uploads\/2023\/02\/lande-med-flest-og-faerrest-ladepunkter-i-eu-300x200.png 300w, https:\/\/www.dknyheder.dk\/da-dk\/wp-content\/uploads\/2023\/02\/lande-med-flest-og-faerrest-ladepunkter-i-eu-768x512.png 768w, https:\/\/www.dknyheder.dk\/da-dk\/wp-content\/uploads\/2023\/02\/lande-med-flest-og-faerrest-ladepunkter-i-eu-750x500.png 750w\" sizes=\"(max-width: 900px) 100vw, 900px\" \/><\/p>\n<p>Den samme udvikling har v\u00e6ret tydelig i Danmark. Selvom antallet af ladepunkter vokser hurtigt, g\u00e5r det ikke liges\u00e5 hurtigt som stigningen i andelen af opladelige biler i bilbestanden. Det betyder, at der stadig er for f\u00e5 ladepunkter pr. bil, hvilket er en udfordring for den fortsatte udbredelse af gr\u00f8nnere mobilitet.<\/p>\n<p>\u201dEn st\u00e6rk og geografisk d\u00e6kkende ladeinfrastruktur er en af de absolut vigtigste foruds\u00e6tninger for flere elbiler p\u00e5 de danske veje. Omstillingen til elbiler kr\u00e6ver, at bilen kan lades hurtigt og nemt, s\u00e5 r\u00e6kkeviddeangst ikke overtager overvejelserne om valg af bil,\u201d siger Mads R\u00f8rvig, adm. direkt\u00f8r for De Danske Bilimport\u00f8rer.<\/p>\n<h3>Behov for bedre ladeinfrastruktur i hele EU<\/h3>\n<p>Selvom det er vigtigt, at der kommer fart p\u00e5 udbredelsen af ladestandere i Danmark, kan det ikke st\u00e5 alene. Med den store mobilitet mellem lande, som hersker i EU, er det vigtigt at ladeinfrastrukturen udbredes i flere lande, s\u00e5 elbilen ogs\u00e5 kan bruges p\u00e5 bilferier og forl\u00e6ngede weekender.<\/p>\n<p><img decoding=\"async\" src=\"https:\/\/dknyheder.dk\/wp-content\/uploads\/2023\/02\/udviklingen-i-ladepunkter-og-opladelige-biler-i-eu.png\" alt=\"\" width=\"900\" height=\"600\" class=\"alignnone size-full wp-image-348\" srcset=\"https:\/\/www.dknyheder.dk\/da-dk\/wp-content\/uploads\/2023\/02\/udviklingen-i-ladepunkter-og-opladelige-biler-i-eu.png 900w, https:\/\/www.dknyheder.dk\/da-dk\/wp-content\/uploads\/2023\/02\/udviklingen-i-ladepunkter-og-opladelige-biler-i-eu-300x200.png 300w, https:\/\/www.dknyheder.dk\/da-dk\/wp-content\/uploads\/2023\/02\/udviklingen-i-ladepunkter-og-opladelige-biler-i-eu-768x512.png 768w, https:\/\/www.dknyheder.dk\/da-dk\/wp-content\/uploads\/2023\/02\/udviklingen-i-ladepunkter-og-opladelige-biler-i-eu-750x500.png 750w\" sizes=\"(max-width: 900px) 100vw, 900px\" \/><\/p>\n<p>P\u00e5 nuv\u00e6rende tidspunkt er 42 procent af alle ladepunkter koncentreret i to EU-lande; Holland og Tyskland. Disse lande udg\u00f8r mindre en 10 procent af det samlede overfladeareal i EU. Samtidig har Holland, som er det land med den st\u00f8rste andel af ladeinfrastruktur, 70 gange flere ladepunkter end Rum\u00e6nien, selvom Rum\u00e6nien er omkring 7 gange st\u00f8rre. Det vidner om stor forskel p\u00e5 adgangen til opladning p\u00e5 tv\u00e6rs af EU-lande, hvilket illustrerer et stort behov for at f\u00e5 sat skub i ladeinfrastrukturen i hele EU, selvom der for alle lande i 2035 g\u00e6lder, at nye biler skal v\u00e6re nulemissionsbiler.<\/p>\n","protected":false},"excerpt":{"rendered":"<p>Mens Danmark er det land i EU med den n\u00e6stst\u00f8rste andel af opladelige biler, st\u00e5r det anderledes til med antallet af ladepunkter, hvor Danmark kun er nummer 10 i EU. Selvom placeringen ikke i sig selv er d\u00e5rlig, illustrerer det, at der er behov for en st\u00f8rre adgang til bilopladning i Danmark.<\/p>\n","protected":false},"author":2,"featured_media":346,"comment_status":"closed","ping_status":"open","sticky":false,"template":"","format":"standard","meta":{"jnews-multi-image_gallery":[],"jnews_single_post":{"source_name":"","source_url":"","via_name":"","via_url":"","override_template":"0","override":[{"template":"7","single_blog_custom":"","parallax":"1","fullscreen":"0","layout":"no-sidebar-narrow","sidebar":"default-sidebar","second_sidebar":"default-sidebar","sticky_sidebar":"1","share_position":"float","share_float_style":"share-normal","show_share_counter":"1","show_view_counter":"1","show_featured":"1","show_post_meta":"1","show_post_author":"1","show_post_author_image":"1","show_post_date":"1","post_date_format":"default","post_date_format_custom":"Y\/m\/d","show_post_category":"1","show_post_reading_time":"0","post_reading_time_wpm":"300","show_zoom_button":"0","zoom_button_out_step":"2","zoom_button_in_step":"3","show_post_tag":"1","show_prev_next_post":"0","show_popup_post":"1","number_popup_post":"1","show_author_box":"1","show_post_related":"0","show_inline_post_related":"0"}],"override_image_size":"0","image_override":[{"single_post_thumbnail_size":"crop-500","single_post_gallery_size":"crop-500"}],"trending_post":"0","trending_post_position":"meta","trending_post_label":"Trending","sponsored_post":"0","sponsored_post_label":"Sponsored by","sponsored_post_name":"","sponsored_post_url":"","sponsored_post_logo_enable":"0","sponsored_post_logo":"","sponsored_post_desc":"","disable_ad":"0"},"jnews_primary_category":{"id":"","hide":""},"footnotes":""},"categories":[10],"tags":[127,128,129,130],"class_list":["post-345","post","type-post","status-publish","format-standard","has-post-thumbnail","hentry","category-erhverv","tag-bilopladning","tag-elbiler","tag-ladepunkter","tag-opladelige-biler"],"_links":{"self":[{"href":"https:\/\/www.dknyheder.dk\/da-dk\/wp-json\/wp\/v2\/posts\/345","targetHints":{"allow":["GET"]}}],"collection":[{"href":"https:\/\/www.dknyheder.dk\/da-dk\/wp-json\/wp\/v2\/posts"}],"about":[{"href":"https:\/\/www.dknyheder.dk\/da-dk\/wp-json\/wp\/v2\/types\/post"}],"author":[{"embeddable":true,"href":"https:\/\/www.dknyheder.dk\/da-dk\/wp-json\/wp\/v2\/users\/2"}],"replies":[{"embeddable":true,"href":"https:\/\/www.dknyheder.dk\/da-dk\/wp-json\/wp\/v2\/comments?post=345"}],"version-history":[{"count":0,"href":"https:\/\/www.dknyheder.dk\/da-dk\/wp-json\/wp\/v2\/posts\/345\/revisions"}],"wp:featuredmedia":[{"embeddable":true,"href":"https:\/\/www.dknyheder.dk\/da-dk\/wp-json\/wp\/v2\/media\/346"}],"wp:attachment":[{"href":"https:\/\/www.dknyheder.dk\/da-dk\/wp-json\/wp\/v2\/media?parent=345"}],"wp:term":[{"taxonomy":"category","embeddable":true,"href":"https:\/\/www.dknyheder.dk\/da-dk\/wp-json\/wp\/v2\/categories?post=345"},{"taxonomy":"post_tag","embeddable":true,"href":"https:\/\/www.dknyheder.dk\/da-dk\/wp-json\/wp\/v2\/tags?post=345"}],"curies":[{"name":"wp","href":"https:\/\/api.w.org\/{rel}","templated":true}]}}