{"id":427,"date":"2023-03-02T20:37:32","date_gmt":"2023-03-02T19:37:32","guid":{"rendered":"https:\/\/dknyheder.dk\/?p=427"},"modified":"2024-06-15T03:20:44","modified_gmt":"2024-06-15T01:20:44","slug":"arbejdsrelateret-vold-faengselsbetjente-har-stor-risiko-for-overfald","status":"publish","type":"post","link":"https:\/\/www.dknyheder.dk\/da-dk\/danmark\/arbejdsrelateret-vold-faengselsbetjente-har-stor-risiko-for-overfald\/427\/","title":{"rendered":"Arbejdsrelateret vold: F\u00e6ngselsbetjente har stor risiko for overfald"},"content":{"rendered":"<p>Gennem syv \u00e5r har Det Nationale Forskningscenter for Arbejdsmilj\u00f8, fulgt en million l\u00f8nmodtagere p\u00e5 det danske arbejdsmarked. Unders\u00f8gelsen viser, at f\u00e6ngselsbetjente har en stor risiko for arbejdsrelateret vold.<\/p>\n<p>Det uniformerede personale i Kriminalforsorgen fremh\u00e6ves som risikogruppe sammen med blandt andet ansatte i politiet og psykiatrien.<\/p>\n<p>H\u00f8jest risiko for vold p\u00e5 jobbet:<\/p>\n<ul>\n<li>F\u00e6ngselsbetjente<\/li>\n<li>Politibetjente<\/li>\n<li>Socialp\u00e6dagoger<\/li>\n<li>Vagtpersonale<\/li>\n<li>Skolel\u00e6rere<\/li>\n<li>Plejepersonale<\/li>\n<li>Servicemedarbejdere<\/li>\n<li>Andre servicemedarbejdere<\/li>\n<\/ul>\n<p>Kilde: Det Nationale Forskningscenter for Arbejdsmilj\u00f8<\/p>\n<p>N\u00e5r f\u00e6ngselsbetjente har en h\u00f8jere risiko for vold, har de alts\u00e5 ogs\u00e5 h\u00f8jere risiko for at udvikle depression.<\/p>\n<p>Seniorforsker Ida Madsen fra forskningscentret siger: \u201dVi har ikke unders\u00f8gt risikoen for depression blandt f\u00e6ngselsbetjente specifikt, men fordi f\u00e6ngselsbetjente er del af d\u00e9n gruppe, som har h\u00f8j risiko for vold, tyder resultaterne p\u00e5, at f\u00e6ngselsbetjente har h\u00f8jere risiko for depression, sammenlignet med andre l\u00f8nmodtagere.\u201d<\/p>\n<p>Forskningscentret har ikke unders\u00f8gt, hvem som ud\u00f8ver volden mod de forskellige offentligt ansatte, men forskerne peger p\u00e5, at volden typisk opst\u00e5r i forbindelse med relationelt arbejde.<\/p>\n<p>\u201dUanset om volden p\u00e5 arbejdet er fra kollegaer eller borgere, klienter og patienter, er det meget alvorligt og skal tages seri\u00f8st. Resultaterne fra denne unders\u00f8gelse underst\u00f8tter derfor behovet for, at arbejdspladser har fokus p\u00e5 forebyggelse af vold,\u201d siger Ida Madsen.<\/p>\n","protected":false},"excerpt":{"rendered":"<p>F\u00e6ngselsbetjente topper listen over erhvervsgrupper med risiko for arbejdsrelateret vold i en ny unders\u00f8gelse fra det Nationale Forskningscenter for Arbejdsmilj\u00f8. Unders\u00f8gelsen peger p\u00e5, at vold p\u00e5 arbejdet \u00f8ger risikoen for depression.<\/p>\n","protected":false},"author":2,"featured_media":428,"comment_status":"closed","ping_status":"open","sticky":false,"template":"","format":"standard","meta":{"jnews-multi-image_gallery":[],"jnews_single_post":{"source_name":"","source_url":"","via_name":"","via_url":"","override_template":"0","override":[{"template":"7","single_blog_custom":"","parallax":"1","fullscreen":"0","layout":"no-sidebar-narrow","sidebar":"default-sidebar","second_sidebar":"default-sidebar","sticky_sidebar":"1","share_position":"float","share_float_style":"share-normal","show_share_counter":"1","show_view_counter":"1","show_featured":"1","show_post_meta":"1","show_post_author":"1","show_post_author_image":"1","show_post_date":"1","post_date_format":"default","post_date_format_custom":"Y\/m\/d","show_post_category":"1","show_post_reading_time":"0","post_reading_time_wpm":"300","show_zoom_button":"0","zoom_button_out_step":"2","zoom_button_in_step":"3","show_post_tag":"1","show_prev_next_post":"0","show_popup_post":"1","number_popup_post":"1","show_author_box":"1","show_post_related":"0","show_inline_post_related":"0"}],"override_image_size":"0","image_override":[{"single_post_thumbnail_size":"crop-500","single_post_gallery_size":"crop-500"}],"trending_post":"0","trending_post_position":"meta","trending_post_label":"Trending","sponsored_post":"0","sponsored_post_label":"Sponsored by","sponsored_post_name":"","sponsored_post_url":"","sponsored_post_logo_enable":"0","sponsored_post_logo":"","sponsored_post_desc":"","disable_ad":"0"},"jnews_primary_category":{"id":"","hide":""},"footnotes":""},"categories":[3],"tags":[164,163,165,166],"class_list":["post-427","post","type-post","status-publish","format-standard","has-post-thumbnail","hentry","category-danmark","tag-arbejdsmiljoe","tag-arbejdsrelateret-vold","tag-faengselsbetjente","tag-vold-paa-jobbet"],"_links":{"self":[{"href":"https:\/\/www.dknyheder.dk\/da-dk\/wp-json\/wp\/v2\/posts\/427","targetHints":{"allow":["GET"]}}],"collection":[{"href":"https:\/\/www.dknyheder.dk\/da-dk\/wp-json\/wp\/v2\/posts"}],"about":[{"href":"https:\/\/www.dknyheder.dk\/da-dk\/wp-json\/wp\/v2\/types\/post"}],"author":[{"embeddable":true,"href":"https:\/\/www.dknyheder.dk\/da-dk\/wp-json\/wp\/v2\/users\/2"}],"replies":[{"embeddable":true,"href":"https:\/\/www.dknyheder.dk\/da-dk\/wp-json\/wp\/v2\/comments?post=427"}],"version-history":[{"count":0,"href":"https:\/\/www.dknyheder.dk\/da-dk\/wp-json\/wp\/v2\/posts\/427\/revisions"}],"wp:featuredmedia":[{"embeddable":true,"href":"https:\/\/www.dknyheder.dk\/da-dk\/wp-json\/wp\/v2\/media\/428"}],"wp:attachment":[{"href":"https:\/\/www.dknyheder.dk\/da-dk\/wp-json\/wp\/v2\/media?parent=427"}],"wp:term":[{"taxonomy":"category","embeddable":true,"href":"https:\/\/www.dknyheder.dk\/da-dk\/wp-json\/wp\/v2\/categories?post=427"},{"taxonomy":"post_tag","embeddable":true,"href":"https:\/\/www.dknyheder.dk\/da-dk\/wp-json\/wp\/v2\/tags?post=427"}],"curies":[{"name":"wp","href":"https:\/\/api.w.org\/{rel}","templated":true}]}}