{"id":446,"date":"2023-03-08T22:12:00","date_gmt":"2023-03-08T21:12:00","guid":{"rendered":"https:\/\/dknyheder.dk\/?p=446"},"modified":"2024-06-15T03:21:08","modified_gmt":"2024-06-15T01:21:08","slug":"for-foerste-gang-i-danmarkshistorien-co2-er-lagret-i-nordsoeen","status":"publish","type":"post","link":"https:\/\/www.dknyheder.dk\/da-dk\/oekonomi\/for-foerste-gang-i-danmarkshistorien-co2-er-lagret-i-nordsoeen\/446\/","title":{"rendered":"For f\u00f8rste gang i Danmarkshistorien: CO2 er lagret i Nords\u00f8en"},"content":{"rendered":"<p>Det var med vestenvinden i ryggen, at et nyt kapitel af Danmarkshistorien blev skrevet i Esbjerg.<\/p>\n<p>For f\u00f8rste gang blev CO2 lagret i den danske undergrund.<\/p>\n<p>Det er pilotprojektet Greensand af INEOS og Wintershall DEA, som st\u00e5r bag den f\u00f8rste danske lagring \u2013 en lagring, som onsdag d. 8. marts fandt sted langt ude i Nords\u00f8en. Ogs\u00e5 H.K.H. Kronprinsen var m\u00f8dt op p\u00e5 Esbjerg havn for at markere begivenheden.<\/p>\n<p>\u201dCO2-lagring i Danmark eksisterer ikke l\u00e6ngere kun p\u00e5 papiret \u2013 nu er processen en realitet, og det bringer os et godt skridt t\u00e6ttere p\u00e5 at n\u00e5 klimam\u00e5lene. For 50 \u00e5r siden talte vi om gas og olie, n\u00e5r vi talte om Nords\u00f8en. Men i dag kan jeg i stedet kalde det et spirende gr\u00f8nt erhvervseventyr \u2013 og det er stort,\u201d siger klima-, energi- og forsyningsminister Lars Aagaard.<\/p>\n<p>Formand for Europa-Kommissionen Ursula von der Leyen deltog ogs\u00e5 med en videotale, hvori hun understregede, hvor meget det betyder for EU, at CO2 nu ogs\u00e5 lagres i Danmark.<\/p>\n<p>Den danske undergrund har if\u00f8lge GEUS i alt et lagringspotentiale p\u00e5 op mod 22 milliarder ton CO2, hvilket svarer til mellem 500 og 1000 \u00e5rs samlet dansk udledning p\u00e5 det nuv\u00e6rende niveau.<\/p>\n<h3>Fakta om CCS<\/h3>\n<ul>\n<li>Pilotprojektet Greensand er de f\u00f8rste til at lagre CO2 i den danske undergrund. INEOS og Wintershall DEA st\u00e5r bag pilotprojektet.<\/li>\n<li>I begyndelsen af februar blev de f\u00f8rste danske tilladelser til storskala CCS givet til INEOS, Wintershall DEA og Total.<\/li>\n<li>Danmark, Belgien og Flandern indgik sidste \u00e5r den f\u00f8rste aftale af sin slags om international transport af CO2.<\/li>\n<li>N\u00e6ste brik i CCS-puslespillet er transportinfrastrukturen for CO2.<\/li>\n<\/ul>\n","protected":false},"excerpt":{"rendered":"<p>Danmark er nu et af de f\u00f8rste lande i EU, der aktivt lagrer CO2 i undergrunden. Klima-, energi- og forsyningsminister Lars Aagaard var med i Esbjerg, da den f\u00f8rste CO2 tog turen ned i undergrunden.<\/p>\n","protected":false},"author":2,"featured_media":0,"comment_status":"closed","ping_status":"open","sticky":false,"template":"","format":"standard","meta":{"jnews-multi-image_gallery":[],"jnews_single_post":{"source_name":"","source_url":"","via_name":"","via_url":"","override_template":"0","override":[{"template":"7","single_blog_custom":"","parallax":"1","fullscreen":"0","layout":"no-sidebar-narrow","sidebar":"default-sidebar","second_sidebar":"default-sidebar","sticky_sidebar":"1","share_position":"float","share_float_style":"share-normal","show_share_counter":"1","show_view_counter":"1","show_featured":"1","show_post_meta":"1","show_post_author":"1","show_post_author_image":"1","show_post_date":"1","post_date_format":"default","post_date_format_custom":"Y\/m\/d","show_post_category":"1","show_post_reading_time":"0","post_reading_time_wpm":"300","show_zoom_button":"0","zoom_button_out_step":"2","zoom_button_in_step":"3","show_post_tag":"1","show_prev_next_post":"0","show_popup_post":"1","number_popup_post":"1","show_author_box":"1","show_post_related":"0","show_inline_post_related":"0"}],"override_image_size":"0","image_override":[{"single_post_thumbnail_size":"crop-500","single_post_gallery_size":"crop-500"}],"trending_post":"0","trending_post_position":"meta","trending_post_label":"Trending","sponsored_post":"0","sponsored_post_label":"Sponsored by","sponsored_post_name":"","sponsored_post_url":"","sponsored_post_logo_enable":"0","sponsored_post_logo":"","sponsored_post_desc":"","disable_ad":"0"},"jnews_primary_category":{"id":"","hide":""},"footnotes":""},"categories":[6],"tags":[176,177],"class_list":["post-446","post","type-post","status-publish","format-standard","hentry","category-oekonomi","tag-co2","tag-nordsoeen"],"_links":{"self":[{"href":"https:\/\/www.dknyheder.dk\/da-dk\/wp-json\/wp\/v2\/posts\/446","targetHints":{"allow":["GET"]}}],"collection":[{"href":"https:\/\/www.dknyheder.dk\/da-dk\/wp-json\/wp\/v2\/posts"}],"about":[{"href":"https:\/\/www.dknyheder.dk\/da-dk\/wp-json\/wp\/v2\/types\/post"}],"author":[{"embeddable":true,"href":"https:\/\/www.dknyheder.dk\/da-dk\/wp-json\/wp\/v2\/users\/2"}],"replies":[{"embeddable":true,"href":"https:\/\/www.dknyheder.dk\/da-dk\/wp-json\/wp\/v2\/comments?post=446"}],"version-history":[{"count":0,"href":"https:\/\/www.dknyheder.dk\/da-dk\/wp-json\/wp\/v2\/posts\/446\/revisions"}],"wp:attachment":[{"href":"https:\/\/www.dknyheder.dk\/da-dk\/wp-json\/wp\/v2\/media?parent=446"}],"wp:term":[{"taxonomy":"category","embeddable":true,"href":"https:\/\/www.dknyheder.dk\/da-dk\/wp-json\/wp\/v2\/categories?post=446"},{"taxonomy":"post_tag","embeddable":true,"href":"https:\/\/www.dknyheder.dk\/da-dk\/wp-json\/wp\/v2\/tags?post=446"}],"curies":[{"name":"wp","href":"https:\/\/api.w.org\/{rel}","templated":true}]}}