{"id":497,"date":"2023-03-09T14:20:19","date_gmt":"2023-03-09T13:20:19","guid":{"rendered":"https:\/\/dknyheder.dk\/?p=497"},"modified":"2024-06-15T03:22:14","modified_gmt":"2024-06-15T01:22:14","slug":"konfirmander-samler-ind-til-jordskaelvsofre-i-tyrkiet-og-syrien","status":"publish","type":"post","link":"https:\/\/www.dknyheder.dk\/da-dk\/danmark\/konfirmander-samler-ind-til-jordskaelvsofre-i-tyrkiet-og-syrien\/497\/","title":{"rendered":"Konfirmander samler ind til jordsk\u00e6lvsofre i Tyrkiet og Syrien"},"content":{"rendered":"<p>Sneakers, AirPods, penge, rejser, en PlayStation, smykker eller en scooter. Konfirmandernes \u00f8nskelister er lange, n\u00e5r de her i for\u00e5ret skal konfirmeres. Men en konfirmation handler ikke kun om materielle gaver. Den handler i h\u00f8j grad ogs\u00e5 om n\u00e6stek\u00e6rlighed, f\u00e6llesskab og en forst\u00e5else for at v\u00e6re en del af en global verden.<\/p>\n<p>Det har rigtig mange konfirmander taget til sig. P\u00e5 s\u00f8ndag g\u00e5r op mod 6500 konfirmander p\u00e5 gaden for at samle ind til mennesker i verdens br\u00e6ndpunkter. Folkekirkens N\u00f8dhj\u00e6lps indsamling har i \u00e5r fokus p\u00e5 tre h\u00f8jaktuelle kriser; jordsk\u00e6lv i Tyrkiet og Syrien, krigen i Ukraine og sultkatastrofen p\u00e5 Afrikas Horn.<\/p>\n<p>&#8220;Jeg finder det naturligt, at konfirmander oplever, at konfirmationsforberedelse kan v\u00e6re andet end at g\u00e5 i kirke om s\u00f8ndagen. Det kan ogs\u00e5 v\u00e6re at flytte sig ud i sognet, hvor de unge mennesker banker p\u00e5 d\u00f8re i lokalsamfundet, samler ind og g\u00f8r en forskel for deres medmennesker ude i verden. Det er vigtigt at l\u00e6re konfirmanderne, at de er del af et st\u00f8rre f\u00e6llesskab i verden, og at de med deres handlinger kan have stor betydning for mennesker, de aldrig har m\u00f8dt,&#8221; siger Lisbeth Munk Madsen, frivillig indsamlingsleder og sognepr\u00e6st i Risbjerg Kirke i Hvidovre.<\/p>\n<p>Mange pr\u00e6ster og konfirmander har i l\u00f8bet af de seneste 14 dage haft bes\u00f8g af Folkekirkens N\u00f8dhj\u00e6lps #TagDel-Karavane. Det er en foredragsturne, hvor unge, der har rejst i verdens fattigste lande med Folkekirkens N\u00f8dhj\u00e6lp, kommer p\u00e5 bes\u00f8g og afvikler en workshop for konfirmander og andre interesserede. Her giver de et indblik i, hvordan livet kan se ud i verdens mest udsatte omr\u00e5der og opfordrer samtidig de kommende konfirmander til at gribe indsamlingsb\u00f8ssen.<\/p>\n<p>\u201dDet bliver en hyggelig dag, for jeg skal g\u00e5 sammen med en af mine bedste venner. Jeg synes, det er megafedt at samle ind, for man hj\u00e6lper jo andre. Jeg h\u00e5ber, folk vil tage det alvorligt og gerne vil hj\u00e6lpe, n\u00e5r vi ringer p\u00e5. En af mine venners familie kendte nogle af dem, som blev dr\u00e6bt i jordsk\u00e6lvet i Syrien, og det t\u00e6nker jeg p\u00e5 \u2013 at jeg gerne vil hj\u00e6lpe,\u201d siger 13-\u00e5rige Asmund Gjesing Andersen, der skal konfirmeres i Himmelev Kirke ved Roskilde i maj.<\/p>\n<p>Som en del af konfirmationsforberedelsen skal de kommende konfirmander ofte i kirke 10 gange, inden den store konfirmationsdag. Hvert kirkebes\u00f8g kaldes popul\u00e6rt for \u2019et kryds\u2019. Mange pr\u00e6ster v\u00e6lger at give de unge et kryds for netop at deltage i en aktivitet som Folkekirkens N\u00f8dhj\u00e6lps indsamling, mens mange konfirmander ogs\u00e5 helt frivilligt v\u00e6lger at samle ind p\u00e5 s\u00f8ndag.<\/p>\n<p>\u201dDet er opl\u00f8ftende, at s\u00e5 mange unge engagerer sig i verden. De er vores fremtid, men det er ogs\u00e5 dem, der lige nu kan blive p\u00e5virket af de mange kriser, som foreg\u00e5r rundt i verden. Derfor er det vigtigt, at de f\u00e5r lov til at handle og g\u00f8re en konkret forskel, s\u00e5 de ikke f\u00f8ler sig magtesl\u00f8se,\u201d siger Birgitte Qvist-S\u00f8rensen, generalsekret\u00e6r i Folkekirkens N\u00f8dhj\u00e6lp.<\/p>\n<h3>Folkekirkens N\u00f8dhj\u00e6lps indsamling:<\/h3>\n<p>Det er 25. gang, at frivillige griber indsamlingsb\u00f8ssen og samler ind til Folkekirkens N\u00f8dhj\u00e6lps indsamling. I \u00e5r har indsamlingen fokus p\u00e5 jordsk\u00e6lv i Tyrkiet og Syrien, krigen i Ukraine og sultkatastrofen p\u00e5 Afrikas Horn. I alt g\u00e5r omkring 10.000 mennesker p\u00e5 gaden \u2013 og det er stadig muligt at tilmelde sig som indsamler p\u00e5 n\u00f8dhj\u00e6lp.dk.<\/p>\n","protected":false},"excerpt":{"rendered":"<p>P\u00e5 s\u00f8ndag g\u00e5r en stor del af landets kommende konfirmander p\u00e5 gaden for at samle ind til Folkekirkens N\u00f8dhj\u00e6lps \u00e5rlige indsamling.<\/p>\n","protected":false},"author":2,"featured_media":498,"comment_status":"closed","ping_status":"open","sticky":false,"template":"","format":"standard","meta":{"jnews-multi-image_gallery":[],"jnews_single_post":{"source_name":"","source_url":"","via_name":"","via_url":"","override_template":"0","override":[{"template":"7","single_blog_custom":"","parallax":"1","fullscreen":"0","layout":"no-sidebar-narrow","sidebar":"default-sidebar","second_sidebar":"default-sidebar","sticky_sidebar":"1","share_position":"float","share_float_style":"share-normal","show_share_counter":"1","show_view_counter":"1","show_featured":"1","show_post_meta":"1","show_post_author":"1","show_post_author_image":"1","show_post_date":"1","post_date_format":"default","post_date_format_custom":"Y\/m\/d","show_post_category":"1","show_post_reading_time":"0","post_reading_time_wpm":"300","show_zoom_button":"0","zoom_button_out_step":"2","zoom_button_in_step":"3","show_post_tag":"1","show_prev_next_post":"0","show_popup_post":"1","number_popup_post":"1","show_author_box":"1","show_post_related":"0","show_inline_post_related":"0"}],"override_image_size":"0","image_override":[{"single_post_thumbnail_size":"crop-500","single_post_gallery_size":"crop-500"}],"trending_post":"0","trending_post_position":"meta","trending_post_label":"Trending","sponsored_post":"0","sponsored_post_label":"Sponsored by","sponsored_post_name":"","sponsored_post_url":"","sponsored_post_logo_enable":"0","sponsored_post_logo":"","sponsored_post_desc":"","disable_ad":"0"},"jnews_primary_category":{"id":"","hide":""},"footnotes":""},"categories":[3],"tags":[248,252,255,253,247,245,251,254,249,246,159,250],"class_list":["post-497","post","type-post","status-publish","format-standard","has-post-thumbnail","hentry","category-danmark","tag-afrikas-horn","tag-asmund-gjesing-andersen","tag-birgitte-qvist-soerensen","tag-folkekirkens-noedhjaelp","tag-jordskaelv-i-syrien","tag-jordskaelv-i-tyrkiet","tag-krigen-i-ukraine","tag-lisbeth-munk-madsen","tag-sultkatastrofen","tag-syrien","tag-tyrkiet","tag-ukraine"],"_links":{"self":[{"href":"https:\/\/www.dknyheder.dk\/da-dk\/wp-json\/wp\/v2\/posts\/497","targetHints":{"allow":["GET"]}}],"collection":[{"href":"https:\/\/www.dknyheder.dk\/da-dk\/wp-json\/wp\/v2\/posts"}],"about":[{"href":"https:\/\/www.dknyheder.dk\/da-dk\/wp-json\/wp\/v2\/types\/post"}],"author":[{"embeddable":true,"href":"https:\/\/www.dknyheder.dk\/da-dk\/wp-json\/wp\/v2\/users\/2"}],"replies":[{"embeddable":true,"href":"https:\/\/www.dknyheder.dk\/da-dk\/wp-json\/wp\/v2\/comments?post=497"}],"version-history":[{"count":0,"href":"https:\/\/www.dknyheder.dk\/da-dk\/wp-json\/wp\/v2\/posts\/497\/revisions"}],"wp:featuredmedia":[{"embeddable":true,"href":"https:\/\/www.dknyheder.dk\/da-dk\/wp-json\/wp\/v2\/media\/498"}],"wp:attachment":[{"href":"https:\/\/www.dknyheder.dk\/da-dk\/wp-json\/wp\/v2\/media?parent=497"}],"wp:term":[{"taxonomy":"category","embeddable":true,"href":"https:\/\/www.dknyheder.dk\/da-dk\/wp-json\/wp\/v2\/categories?post=497"},{"taxonomy":"post_tag","embeddable":true,"href":"https:\/\/www.dknyheder.dk\/da-dk\/wp-json\/wp\/v2\/tags?post=497"}],"curies":[{"name":"wp","href":"https:\/\/api.w.org\/{rel}","templated":true}]}}