{"id":714,"date":"2023-04-20T01:15:44","date_gmt":"2023-04-19T23:15:44","guid":{"rendered":"https:\/\/www.dknyheder.dk\/?p=714"},"modified":"2024-06-15T03:23:41","modified_gmt":"2024-06-15T01:23:41","slug":"medarbejdere-hjemsendt-snagede-i-13-aarig-piges-patientjournal","status":"publish","type":"post","link":"https:\/\/www.dknyheder.dk\/da-dk\/danmark\/medarbejdere-hjemsendt-snagede-i-13-aarig-piges-patientjournal\/714\/","title":{"rendered":"Medarbejdere hjemsendt: Snagede i 13-\u00e5rig piges patientjournal"},"content":{"rendered":"<p>Et antal medarbejdere i Region Hovedstaden og Region Sj\u00e6lland er hjemsendt, efter det er konstateret, at de har v\u00e6ret inde i en patientjournal tilh\u00f8rende den 13-\u00e5rige pige, der i weekenden if\u00f8lge politiet var udsat for alvorlige overgreb p\u00e5 Vestsj\u00e6lland<\/p>\n<p>Region Hovedstaden og Region Sj\u00e6lland har hjemsendt et antal medarbejdere, mens det unders\u00f8ges, om der var faglig begrundelse for de opslag, de i l\u00f8bet af weekenden har lavet i patientjournalen tilh\u00f8rende den 13-\u00e5rige pige fra Vestsj\u00e6lland, der l\u00f8rdag eftermiddag if\u00f8lge politiet blev udsat for bortf\u00f8relse og alvorlige overgreb.<\/p>\n<p>Efter en politiefters\u00f8gning blev pigen fundet s\u00f8ndag og i ambulance bragt ind til unders\u00f8gelser p\u00e5 Rigshospitalet. Samtlige opslag i pigens journal gennemg\u00e5s og det unders\u00f8ges, om medarbejderne havde et berettiget \u00e6rinde i forbindelse med behandlingen af den 13-\u00e5rige. <\/p>\n<p>Hospitalsdirekt\u00f8r Rasmus M\u00f8gelvang fra Rigshospitalet har talt med pigens mor om opslagene i datterens journal. Han har p\u00e5 hospitalernes vegne undskyldt og understreget, at han og ledelsen i de to regioner ser med dybeste alvor p\u00e5 denne sag. Han har ogs\u00e5 aftalt med moren, at regionerne orienterer offentligheden om sagen.<\/p>\n<p>\u201dVi har alle v\u00e6ret dybt ber\u00f8rt over den her sag, men jeg bliver virkelig b\u00e5de rystet og ulykkelig over, hvis der er nogle af vores medarbejdere, der ikke har kunne styre deres nysgerrighed og har snaget i en journal, der ikke bare handler om et barn, men et barn, der har v\u00e6ret udsat for en forf\u00e6rdelig forbrydelse. Det er i mine \u00f8jne sk\u00e6rpende omst\u00e6ndigheder,\u201d siger Rasmus M\u00f8gelvang.<\/p>\n<p>Regionerne har \u00f8jeblikkeligt igangsat alle relevante ans\u00e6ttelsesretlige procedurer, og sagen er anmeldt til b\u00e5de Datastyrelsen og Styrelsen for Patientklager. Desuden er regionerne i dialog med politiet.<\/p>\n<h3>Politianmeldelse overvejes<\/h3>\n<p>\u201dJeg kan ikke udtale mig om de konkrete ans\u00e6ttelsesretlige konsekvenser for de enkelte medarbejdere, men med de sk\u00e6rpende omst\u00e6ndigheder i den konkrete sag, s\u00e5 betyder det, at alle ans\u00e6ttelsesretlige konsekvenser \u2013 herunder afskedigelse &#8211; er i spil. Samtidig vurderes det i hver enkelt tilf\u00e6lde, om der skal ske politianmeldelse af den enkelte medarbejder,\u201d siger Rasmus M\u00f8gelvang.<\/p>\n<p>De to regioner vil grundigt evaluere sagen, om der er behov for at justere i regionens kontroller med patienternes sundhedsoplysninger.<\/p>\n","protected":false},"excerpt":{"rendered":"<p>Et antal medarbejdere i Region Hovedstaden og Region Sj\u00e6lland er hjemsendt, efter det er konstateret, at de har v\u00e6ret inde i en patientjournal tilh\u00f8rende den 13-\u00e5rige pige, der i weekenden if\u00f8lge politiet var udsat for alvorlige overgreb p\u00e5 Vestsj\u00e6lland.<\/p>\n","protected":false},"author":2,"featured_media":715,"comment_status":"closed","ping_status":"open","sticky":false,"template":"","format":"standard","meta":{"jnews-multi-image_gallery":[],"jnews_single_post":[],"jnews_primary_category":[],"footnotes":""},"categories":[3],"tags":[495,488,502,497,498,496,257,499,501,500],"class_list":["post-714","post","type-post","status-publish","format-standard","has-post-thumbnail","hentry","category-danmark","tag-13-aarig-pige","tag-forside","tag-patient","tag-patientjournal","tag-rasmus-moegelvang","tag-region-hovedstaden","tag-region-sjaelland","tag-rigshospitalet","tag-sundhedsoplysninger","tag-vestsjaelland"],"_links":{"self":[{"href":"https:\/\/www.dknyheder.dk\/da-dk\/wp-json\/wp\/v2\/posts\/714","targetHints":{"allow":["GET"]}}],"collection":[{"href":"https:\/\/www.dknyheder.dk\/da-dk\/wp-json\/wp\/v2\/posts"}],"about":[{"href":"https:\/\/www.dknyheder.dk\/da-dk\/wp-json\/wp\/v2\/types\/post"}],"author":[{"embeddable":true,"href":"https:\/\/www.dknyheder.dk\/da-dk\/wp-json\/wp\/v2\/users\/2"}],"replies":[{"embeddable":true,"href":"https:\/\/www.dknyheder.dk\/da-dk\/wp-json\/wp\/v2\/comments?post=714"}],"version-history":[{"count":0,"href":"https:\/\/www.dknyheder.dk\/da-dk\/wp-json\/wp\/v2\/posts\/714\/revisions"}],"wp:featuredmedia":[{"embeddable":true,"href":"https:\/\/www.dknyheder.dk\/da-dk\/wp-json\/wp\/v2\/media\/715"}],"wp:attachment":[{"href":"https:\/\/www.dknyheder.dk\/da-dk\/wp-json\/wp\/v2\/media?parent=714"}],"wp:term":[{"taxonomy":"category","embeddable":true,"href":"https:\/\/www.dknyheder.dk\/da-dk\/wp-json\/wp\/v2\/categories?post=714"},{"taxonomy":"post_tag","embeddable":true,"href":"https:\/\/www.dknyheder.dk\/da-dk\/wp-json\/wp\/v2\/tags?post=714"}],"curies":[{"name":"wp","href":"https:\/\/api.w.org\/{rel}","templated":true}]}}