{"id":758,"date":"2023-05-27T22:40:17","date_gmt":"2023-05-27T20:40:17","guid":{"rendered":"https:\/\/www.dknyheder.dk\/?p=758"},"modified":"2024-06-15T03:23:53","modified_gmt":"2024-06-15T01:23:53","slug":"flere-aeldre-vaelger-en-friplejebolig-frem-for-kommunalt-plejehjem","status":"publish","type":"post","link":"https:\/\/www.dknyheder.dk\/da-dk\/danmark\/flere-aeldre-vaelger-en-friplejebolig-frem-for-kommunalt-plejehjem\/758\/","title":{"rendered":"Flere \u00e6ldre v\u00e6lger en friplejebolig frem for kommunalt plejehjem"},"content":{"rendered":"<p>I 2022 valgte 41 procent af borgerne et privat alternativ til kommunens tilbud, efter de blev visiteret til praktisk hj\u00e6lp eller personlig pleje i hjemmet. Det er det h\u00f8jeste niveau nogensinde. <\/p>\n<p>Og det v\u00e6kker gl\u00e6de hos branchedirekt\u00f8r i Dansk Industri, Jakob Scharff<\/p>\n<p>&#8211; Det er bare herligt, at stadig flere \u00e6ldre borgere g\u00f8r brug af det frie valg. De private akt\u00f8rer, jeg kender, er ildsj\u00e6le, der br\u00e6nder for at g\u00f8re en forskel for de \u00e6ldre, som de hj\u00e6lper, siger han. <\/p>\n<p>46,8 procent af danske hjemmehj\u00e6lpsmodtagere benytter desuden en privat leverand\u00f8r, n\u00e5r der udelukkende skal g\u00f8res rent eller ordnes noget praktisk i hjemmet. <\/p>\n<h3>\u00c6ldre vil have privat pleje<\/h3>\n<p>Det er ikke kun i eget hjem, at de \u00e6ldre i h\u00f8jere grad end tidligere benytter sig af de private leverand\u00f8rer.<\/p>\n<p>Et stigende antal af \u00e6ldre v\u00e6lger s\u00e5ledes at blive indskrevet p\u00e5 friplejehjem frem for kommunale plejehjem og -boliger. Det betyder, andelen af \u00e6ldre, der v\u00e6lger friplejehjem frem for kommunalt plejehjem, nu er 4,26 procent. Det niveau har ikke v\u00e6ret h\u00f8jere f\u00f8r. <\/p>\n<h3>Frit valg sikrer mangfoldige tilbud<\/h3>\n<p>Tallene er interessante fordi tidligere unders\u00f8gelser har vist, at en stor del af de \u00e6ldre ikke kender til det frie valg, n\u00e5r det g\u00e6lder plejeboliger.<\/p>\n<p>Rekorden i brugen af private leverand\u00f8rer af hjemmepleje og andelen af \u00e6ldre, der v\u00e6lger friplejebolig, vidner if\u00f8lge Dansk Industri om, at de \u00e6ldre m\u00e5ske i h\u00f8jere grad har f\u00e5et \u00f8jnene op for, at de faktisk har flere valgmuligheder. <\/p>\n<p>&#8211; Vi ved, at tilstedev\u00e6relsen af b\u00e5de offentlige og private akt\u00f8rer sikrer en mangfoldighed i de tilbud, borgerne har at v\u00e6lge imellem. Derfor opfordrer vi fortsat kommunerne til at styrke samarbejdet med de private leverand\u00f8rer. Det indbefatter ogs\u00e5, at kommunerne b\u00f8r sikre langt bedre information og vejledning om det frie valg, s\u00e5 alle borgere kender deres rettigheder, fort\u00e6ller Jakob Scharff. <\/p>\n","protected":false},"excerpt":{"rendered":"<p>\u00c6ldre borgere s\u00f8ger i stigende grad mod de private tilbud, n\u00e5r de f\u00e5r brug for hj\u00e6lp, pleje og omsorg i eget hjem. Det viser nye tal fra Danmarks Statistik.<\/p>\n","protected":false},"author":2,"featured_media":790,"comment_status":"closed","ping_status":"open","sticky":false,"template":"","format":"standard","meta":{"jnews-multi-image_gallery":[],"jnews_single_post":[],"jnews_primary_category":[],"footnotes":""},"categories":[3],"tags":[],"class_list":["post-758","post","type-post","status-publish","format-standard","has-post-thumbnail","hentry","category-danmark"],"_links":{"self":[{"href":"https:\/\/www.dknyheder.dk\/da-dk\/wp-json\/wp\/v2\/posts\/758","targetHints":{"allow":["GET"]}}],"collection":[{"href":"https:\/\/www.dknyheder.dk\/da-dk\/wp-json\/wp\/v2\/posts"}],"about":[{"href":"https:\/\/www.dknyheder.dk\/da-dk\/wp-json\/wp\/v2\/types\/post"}],"author":[{"embeddable":true,"href":"https:\/\/www.dknyheder.dk\/da-dk\/wp-json\/wp\/v2\/users\/2"}],"replies":[{"embeddable":true,"href":"https:\/\/www.dknyheder.dk\/da-dk\/wp-json\/wp\/v2\/comments?post=758"}],"version-history":[{"count":0,"href":"https:\/\/www.dknyheder.dk\/da-dk\/wp-json\/wp\/v2\/posts\/758\/revisions"}],"wp:featuredmedia":[{"embeddable":true,"href":"https:\/\/www.dknyheder.dk\/da-dk\/wp-json\/wp\/v2\/media\/790"}],"wp:attachment":[{"href":"https:\/\/www.dknyheder.dk\/da-dk\/wp-json\/wp\/v2\/media?parent=758"}],"wp:term":[{"taxonomy":"category","embeddable":true,"href":"https:\/\/www.dknyheder.dk\/da-dk\/wp-json\/wp\/v2\/categories?post=758"},{"taxonomy":"post_tag","embeddable":true,"href":"https:\/\/www.dknyheder.dk\/da-dk\/wp-json\/wp\/v2\/tags?post=758"}],"curies":[{"name":"wp","href":"https:\/\/api.w.org\/{rel}","templated":true}]}}