{"id":766,"date":"2023-05-27T23:44:47","date_gmt":"2023-05-27T21:44:47","guid":{"rendered":"https:\/\/www.dknyheder.dk\/?p=766"},"modified":"2024-06-15T03:24:11","modified_gmt":"2024-06-15T01:24:11","slug":"pet-giver-et-unikt-indblik-i-kampen-mod-terror-i-danmark","status":"publish","type":"post","link":"https:\/\/www.dknyheder.dk\/da-dk\/kultur\/pet-giver-et-unikt-indblik-i-kampen-mod-terror-i-danmark\/766\/","title":{"rendered":"PET giver et unikt indblik i kampen mod terror i Danmark"},"content":{"rendered":"<p>Politiets efterretningstjeneste arbejder normalt i dybeste hemmelighed, men en ny TV 2- dokumentarserie i fem afsnit tager seeren helt t\u00e6t p\u00e5 opsigtsv\u00e6kkende terrorsager.<\/p>\n<p>Det er sv\u00e6rt at blive klog p\u00e5, hvad der foreg\u00e5r i de danske efterretningstjenester, fordi de i sagens natur holder deres arbejde hemmeligt. I deres verden kan viden om forskellige forhold nemlig betyde forskellen p\u00e5 liv og d\u00f8d.<\/p>\n<p>Det bliver tydeligt, n\u00e5r man kigger n\u00e6rmere p\u00e5 nogle af de st\u00f8rste danske terrorsager, Politiets Efterretningstjeneste (PET) har arbejdet med de seneste 15 \u00e5r. I den nye TV 2-dokumentarserie &#8216;Efterretningstjenesten&#8217; giver nuv\u00e6rende og tidligere topfolk i PET et unikt indblik i forskellige sager om terrorangreb &#8211; b\u00e5de dem, der blev afv\u00e6rget, og dem, der ikke gjorde.<\/p>\n<p>&#8211; Oplysningen l\u00f8d p\u00e5, at der var skudt med automatv\u00e5ben, og der var politifolk, der var ramt. S\u00e5 er jeg sl\u00e5et over p\u00e5 operationsmode, siger den nuv\u00e6rende operative chef i PET, Flemming Drejer, i dokumentaren om angrebet p\u00e5 Krudtt\u00f8nden og synagogen i Krystalgade.<\/p>\n<p>Det er f\u00f8rste gang, han udtaler sig om, hvad han selv og PET har skullet l\u00e6re af den sag, hvor b\u00e5de han og efterretningstjenesten bagefter fik voldsom kritik.<\/p>\n<h3>Omhyggelige faktatjek<\/h3>\n<p>Undervejs vil seerne blandt andet blive taget med ind i maskinrummet hos PET i deres arbejde med sagerne om den etbenede bombemand, Lors Doukaev, den svenske terroristgruppe, der planlagde et angreb mod Jyllands-Posten, og den nu terrord\u00f8mte Moyed Al Zoebi, som ville bombe K\u00f8benhavn.<\/p>\n<p>Programmerne er bygget op om interviews med PET-folk, p\u00e5r\u00f8rende, vidner, d\u00f8mte, terroreksperter og politiefterforskere, og gennem dramatiseringer med skuespillere f\u00e5r seerne et nyt indblik i efterretningstjenestens arbejde.<\/p>\n<p>&#8211; De levende billeder, vi kan vise i forbindelse med terror, har ofte fokus p\u00e5 selve angrebene og terroristerne &#8211; for eksempel gennem livereportager eller nyhedsudsendelser. Men i vores serie giver skuespillerne os mulighed for at komme meget t\u00e6ttere p\u00e5 PET-agenternes arbejde og p\u00e5 de p\u00e5r\u00f8rende. Og det giver forh\u00e5bentlig et st\u00f8rre indblik i menneskene bag de her historier, siger Nils Bomann, der er redakt\u00f8r p\u00e5 dokumentarserien.<\/p>\n<p>&#8211; Det er naturligvis ikke alle de dramatiske scener, hvor vi kan vide med sikkerhed, at dialogen har udspillet sig pr\u00e6cis p\u00e5 den m\u00e5de, som det sker i serien. Men vi har v\u00e6ret meget omhyggelige med at tjekke, hvad der faktisk er foreg\u00e5et. Og det har v\u00e6ret meget vigtigt for os, at handlingen i dramatiseringerne er fuldst\u00e6ndig tro overfor, hvad vores kilder har fortalt os, og hvad der fremg\u00e5r af for eksempel retsdokumenter, forklarer Nils Bomann.<\/p>\n<h3>Kom ret langt under radaren<\/h3>\n<p>Det st\u00e5r ogs\u00e5 klart gennem serien, at terrortruslen mod Danmark har \u00e6ndret sig over \u00e5rene. Faktisk indr\u00f8mmer folk fra efterretningstjenesten i serien, at PET flere gange er blevet overrasket over terroristers fremgangsm\u00e5de.<\/p>\n<p>Det skete for eksempel, da en terrorist pludselig stod i K\u00f8benhavn med en bombe, uden at PET anede noget om ham.<\/p>\n<p>Frank Jensen, der var operativ chef i PET fra 2007-2012, i &#8216;Efterretningstjenesten&#8217;.<\/p>\n<p>&#8211; P\u00e5 trods af vores tidligere analyse om, at det ville v\u00e6re yderst vanskeligt at lave en terroraktion i Danmark, hvis man ikke p\u00e5 forh\u00e5nd havde kontakter her, der kunne hj\u00e6lpe en, s\u00e5 lykkedes det rent faktisk for en terrorist at komme ind i landet og komme ret langt i de her forberedelser, uden at vi havde en id\u00e9 om det, fort\u00e6ller tidligere operativ chef i PET Frank Jensen.<\/p>\n<p>\u2019Efterretningstjenesten&#8217; har premiere s\u00f8ndag 28. maj p\u00e5 TV 2 og TV 2 Play.<\/p>\n","protected":false},"excerpt":{"rendered":"<p>Topfolk i PET fort\u00e6ller om fem store terrorsager i ny dokumentarserie.<\/p>\n","protected":false},"author":2,"featured_media":799,"comment_status":"closed","ping_status":"open","sticky":false,"template":"","format":"standard","meta":{"jnews-multi-image_gallery":[],"jnews_single_post":[],"jnews_primary_category":[],"footnotes":""},"categories":[9],"tags":[505,504,506,503],"class_list":["post-766","post","type-post","status-publish","format-standard","has-post-thumbnail","hentry","category-kultur","tag-dokumentar","tag-dokumentarserie","tag-pet","tag-terrorsager"],"_links":{"self":[{"href":"https:\/\/www.dknyheder.dk\/da-dk\/wp-json\/wp\/v2\/posts\/766","targetHints":{"allow":["GET"]}}],"collection":[{"href":"https:\/\/www.dknyheder.dk\/da-dk\/wp-json\/wp\/v2\/posts"}],"about":[{"href":"https:\/\/www.dknyheder.dk\/da-dk\/wp-json\/wp\/v2\/types\/post"}],"author":[{"embeddable":true,"href":"https:\/\/www.dknyheder.dk\/da-dk\/wp-json\/wp\/v2\/users\/2"}],"replies":[{"embeddable":true,"href":"https:\/\/www.dknyheder.dk\/da-dk\/wp-json\/wp\/v2\/comments?post=766"}],"version-history":[{"count":0,"href":"https:\/\/www.dknyheder.dk\/da-dk\/wp-json\/wp\/v2\/posts\/766\/revisions"}],"wp:featuredmedia":[{"embeddable":true,"href":"https:\/\/www.dknyheder.dk\/da-dk\/wp-json\/wp\/v2\/media\/799"}],"wp:attachment":[{"href":"https:\/\/www.dknyheder.dk\/da-dk\/wp-json\/wp\/v2\/media?parent=766"}],"wp:term":[{"taxonomy":"category","embeddable":true,"href":"https:\/\/www.dknyheder.dk\/da-dk\/wp-json\/wp\/v2\/categories?post=766"},{"taxonomy":"post_tag","embeddable":true,"href":"https:\/\/www.dknyheder.dk\/da-dk\/wp-json\/wp\/v2\/tags?post=766"}],"curies":[{"name":"wp","href":"https:\/\/api.w.org\/{rel}","templated":true}]}}