{"id":770,"date":"2023-05-27T23:58:50","date_gmt":"2023-05-27T21:58:50","guid":{"rendered":"https:\/\/www.dknyheder.dk\/?p=770"},"modified":"2024-06-15T03:24:22","modified_gmt":"2024-06-15T01:24:22","slug":"kommuner-kan-ikke-kraeve-at-borgere-skal-klage-digitalt-over-parkeringsafgifter","status":"publish","type":"post","link":"https:\/\/www.dknyheder.dk\/da-dk\/danmark\/kommuner-kan-ikke-kraeve-at-borgere-skal-klage-digitalt-over-parkeringsafgifter\/770\/","title":{"rendered":"Kommuner kan ikke kr\u00e6ve, at borgere skal klage digitalt over parkeringsafgifter"},"content":{"rendered":"<p>https:\/\/via.ritzau.dk\/pressemeddelelse\/kommuner-kan-ikke-kraeve-at-borgere-skal-klage-digitalt-over-parkeringsafgifter?publisherId=13560792&#038;releaseId=13684006&#038;lang=da<\/p>\n<p>Da en borger sendte en mail til Lyngby-Taarb\u00e6k Kommune for at klage over en parkeringsafgift, fik han et autosvar om, at klagen skulle indgives via en digital selvbetjeningsl\u00f8sning p\u00e5 kommunens hjemmeside. Det samme fremgik af kommunens hjemmeside.<\/p>\n<p>Ombudsmanden rejste p\u00e5 den baggrund over for kommunen sp\u00f8rgsm\u00e5l om grundlaget for et s\u00e5dant krav.<\/p>\n<p>Under sagens behandling \u00e6ndrede kommunen vejledningen p\u00e5 hjemmesiden, s\u00e5 det fremgik, at en klage over en parkeringsafgift enten skulle indgives via selvbetjeningsl\u00f8sningen eller via mail.<\/p>\n<p>De krav kan kommunen imidlertid ikke stille.<\/p>\n<p>Ombudsmanden har i sagen udtalt, at borgerne \u2013 hvis der ikke i lovgivningen er fastsat s\u00e6rlige formkrav \u2013 m\u00e5 klage i den form, de selv \u00f8nsker, s\u00e5 l\u00e6nge kommunerne rent teknisk kan modtage klagen.<\/p>\n<p>\u201dDer er ikke i lovgivningen grundlag for at kr\u00e6ve, at klager over parkeringsafgifter skal indgives p\u00e5 en bestemt m\u00e5de.<\/p>\n<p>Det offentliges vejledning skal selvsagt v\u00e6re retvisende.<\/p>\n<p>En kommune m\u00e5 derfor ikke give borgerne det indtryk, at det er obligatorisk at anvende digital kommunikation, n\u00e5r dette ikke er tilf\u00e6ldet\u201d, siger Folketingets Ombudsmand, Niels Fenger.<\/p>\n<p>Lyngby-Taarb\u00e6k Kommune har nu \u00e6ndret klagevejledningen p\u00e5 sin hjemmeside og i kommunens autosvar, s\u00e5 der ikke l\u00e6ngere st\u00e5r, at klager skal indgives digitalt.<\/p>\n<p>Da sagen kan v\u00e6re af betydning for andre kommuner end Lyngby-Taarb\u00e6k Kommune, har ombudsmanden orienteret Kommunernes Landsforening om sin udtalelse.<\/p>\n<p><a href=\"https:\/\/www.ombudsmanden.dk\/find\/nyheder\/alle\/klage_over_parkeringsafgift\/udtalelse\" rel=\"noopener nofollow\" target=\"_blank\">L\u00e6s ombudsmandens udtalelse<\/a>.<\/p>\n","protected":false},"excerpt":{"rendered":"<p>Ombudsmanden: Borgerne \u2013 hvis der ikke i lovgivningen er fastsat s\u00e6rlige formkrav \u2013 m\u00e5 klage i den form, de selv \u00f8nsker.<\/p>\n","protected":false},"author":2,"featured_media":805,"comment_status":"closed","ping_status":"open","sticky":false,"template":"","format":"standard","meta":{"jnews-multi-image_gallery":[],"jnews_single_post":[],"jnews_primary_category":[],"footnotes":""},"categories":[3],"tags":[511,509,510],"class_list":["post-770","post","type-post","status-publish","format-standard","has-post-thumbnail","hentry","category-danmark","tag-klage","tag-lyngby-taarbaek-kommune","tag-parkeringsafgift"],"_links":{"self":[{"href":"https:\/\/www.dknyheder.dk\/da-dk\/wp-json\/wp\/v2\/posts\/770","targetHints":{"allow":["GET"]}}],"collection":[{"href":"https:\/\/www.dknyheder.dk\/da-dk\/wp-json\/wp\/v2\/posts"}],"about":[{"href":"https:\/\/www.dknyheder.dk\/da-dk\/wp-json\/wp\/v2\/types\/post"}],"author":[{"embeddable":true,"href":"https:\/\/www.dknyheder.dk\/da-dk\/wp-json\/wp\/v2\/users\/2"}],"replies":[{"embeddable":true,"href":"https:\/\/www.dknyheder.dk\/da-dk\/wp-json\/wp\/v2\/comments?post=770"}],"version-history":[{"count":0,"href":"https:\/\/www.dknyheder.dk\/da-dk\/wp-json\/wp\/v2\/posts\/770\/revisions"}],"wp:featuredmedia":[{"embeddable":true,"href":"https:\/\/www.dknyheder.dk\/da-dk\/wp-json\/wp\/v2\/media\/805"}],"wp:attachment":[{"href":"https:\/\/www.dknyheder.dk\/da-dk\/wp-json\/wp\/v2\/media?parent=770"}],"wp:term":[{"taxonomy":"category","embeddable":true,"href":"https:\/\/www.dknyheder.dk\/da-dk\/wp-json\/wp\/v2\/categories?post=770"},{"taxonomy":"post_tag","embeddable":true,"href":"https:\/\/www.dknyheder.dk\/da-dk\/wp-json\/wp\/v2\/tags?post=770"}],"curies":[{"name":"wp","href":"https:\/\/api.w.org\/{rel}","templated":true}]}}