{"id":853,"date":"2023-10-17T23:52:46","date_gmt":"2023-10-17T21:52:46","guid":{"rendered":"https:\/\/www.dknyheder.dk\/?p=853"},"modified":"2024-06-15T03:26:39","modified_gmt":"2024-06-15T01:26:39","slug":"bedre-dyrevelfaerd-eu-kommissionen-bryder-sit-loefte","status":"publish","type":"post","link":"https:\/\/www.dknyheder.dk\/da-dk\/politik\/bedre-dyrevelfaerd-eu-kommissionen-bryder-sit-loefte\/853\/","title":{"rendered":"Bedre dyrevelf\u00e6rd: EU-Kommissionen bryder sit l\u00f8fte"},"content":{"rendered":"<p>Europakommissionen pr\u00e6senterer i dag sit arbejdsprogram for 2024 p\u00e5 Europa-Parlamentets plenarforsamling. Arbejdsprogrammet bekr\u00e6fter nu officielt det, som i ugevis har v\u00e6ret rygtet p\u00e5 gangene i Bruxelles: at kommissionen tr\u00e6kker sig fra sit l\u00f8fte til EU-borgerne og kun forpligter sig til at offentligg\u00f8re \u00e9t af de fire lovede lovforslag om bedre dyrevelf\u00e6rd inden afslutningen af den nuv\u00e6rende periode.<\/p>\n<p>\u201dDet er ekstremt nedsl\u00e5ende, hvis EU alligevel ikke leverer den tiltr\u00e6ngte revision af dyrevelf\u00e6rdsreglerne, som lovet. Reglerne s\u00e6tter den laveste barre for beskyttelse af landbrugsdyrene i alle EU-medlemslande. Desv\u00e6rre er EU-reglerne for\u00e6ldede og utidssvarende,\u201d siger Britta Riis, direkt\u00f8r for Dyrenes Beskyttelse.<\/p>\n<p>I 2020 lovede Europakommissionen at revidere dyrevelf\u00e6rdslovgivningen som en del af EU\u2019s strategi for gr\u00f8n omstilling af landet, ogs\u00e5 kaldet jord-til-bord-strategien. Kommissionen lagde selv op til at h\u00f8jne dyrevelf\u00e6rden ved at lancere en europ\u00e6isk m\u00e6rkningsordning, samt revidere eksisterende lovgivning p\u00e5 tre omr\u00e5der: hold af husdyr, dyretransport og slagtning af dyr.<\/p>\n<p>Med offentligg\u00f8relsen af Europakommissionens sidste arbejdsprogram, inden der n\u00e6ste \u00e5r skal v\u00e6lges en ny kommission, er det nu meget sandsynligt, at den nuv\u00e6rende kommission ikke har t\u00e6nkt sig at indfri sit l\u00f8fte. Det er kun revision af EU\u2019s regler for transport af dyr, som omtales i programmet, mens de tre andre omr\u00e5der er udeladt.<\/p>\n<p>\u201dVi er utroligt skuffede over, at Europakommissionen ikke har haft den politiske vilje og handlekraft til at s\u00e6tte dyrenes behov over erhvervsinteresser. Vi har h\u00f8rt flotte ord og l\u00f8fter, men da det kom til at levere, s\u00e5 bukkede man under for pres fra landbrugets interesseorganisationer og vendte ryggen til EU-borgernes \u00f8nsker og forskernes anbefalinger,\u201d siger Britta Riis.<\/p>\n<p>Kommissionen har i deres s\u00e5kaldte fitness-check af EU\u2019s eksisterende dyrevelf\u00e6rdslovgivning selv erkendt, at reglerne er ude af trit med b\u00e5de nyeste ekspertviden fra EU\u2019s egen f\u00f8devaresikkerhedsautoritet, EFSA, samt befolkningens forventninger.<\/p>\n<p>\u201dDen gr\u00f8nne omstilling er uundg\u00e5elig, og de europ\u00e6iske landm\u00e6nd b\u00f8r v\u00e6re p\u00e5 forkant, hvis ikke de vil sidde tilbage med en for\u00e6ldet produktionsform, som ingen eftersp\u00f8rger. Det g\u00e6lder i h\u00f8j grad ogs\u00e5 dyrevelf\u00e6rd, som virkelig er noget, der ligger danskerne og europ\u00e6erne p\u00e5 sinde,\u201d siger Britta Riis.<\/p>\n<h3>FAKTA: 1,4 millioner vil have dyrene ud af burene<\/h3>\n<p>EU-borgerforslaget \u2019End the Cage Age\u2019 blev d. 2. oktober 2020 sendt til Europakommissionen med i alt 1.397.113 underskrifter fra EU-borgere.<\/p>\n<p>Europa-Parlamentet dr\u00f8ftede forslaget under plenarm\u00f8de d. 10. juni 2021 og vedtog samme dag at udtrykke sin st\u00f8tte til forslaget.<\/p>\n<p>D. 30. juni 2021 fremlagde Europakommissionen sin plan for, hvordan den inden udgangen af 2023 ville levere p\u00e5 borgerforslagets krav, blandt andet en udfasning af bure og revision af dyrevelf\u00e6rdsregler.<\/p>\n<p>Foto: Dyrenes Beskyttelse<\/p>\n","protected":false},"excerpt":{"rendered":"<p>Europakommissionen kommer ikke til at levere den lovede revision af dyrevelf\u00e6rdsreglerne p\u00e5 trods af tydelige krav fra EU-borgere, der kr\u00e6ver bedre lovgivning. Dyrenes Beskyttelse kalder det \u201dekstremt nedsl\u00e5ende\u201d.<\/p>\n","protected":false},"author":2,"featured_media":854,"comment_status":"closed","ping_status":"open","sticky":false,"template":"","format":"standard","meta":{"jnews-multi-image_gallery":[],"jnews_single_post":[],"jnews_primary_category":[],"footnotes":""},"categories":[15],"tags":[537,536,64,541,540,538,539],"class_list":["post-853","post","type-post","status-publish","format-standard","has-post-thumbnail","hentry","category-politik","tag-bedre-dyrevelfaerd","tag-dyrenes-beskyttelse","tag-dyrevelfaerd","tag-dyrevelfaerdsproblem","tag-eu-borgere","tag-eu-kommissionen","tag-europakommissionen"],"_links":{"self":[{"href":"https:\/\/www.dknyheder.dk\/da-dk\/wp-json\/wp\/v2\/posts\/853","targetHints":{"allow":["GET"]}}],"collection":[{"href":"https:\/\/www.dknyheder.dk\/da-dk\/wp-json\/wp\/v2\/posts"}],"about":[{"href":"https:\/\/www.dknyheder.dk\/da-dk\/wp-json\/wp\/v2\/types\/post"}],"author":[{"embeddable":true,"href":"https:\/\/www.dknyheder.dk\/da-dk\/wp-json\/wp\/v2\/users\/2"}],"replies":[{"embeddable":true,"href":"https:\/\/www.dknyheder.dk\/da-dk\/wp-json\/wp\/v2\/comments?post=853"}],"version-history":[{"count":0,"href":"https:\/\/www.dknyheder.dk\/da-dk\/wp-json\/wp\/v2\/posts\/853\/revisions"}],"wp:featuredmedia":[{"embeddable":true,"href":"https:\/\/www.dknyheder.dk\/da-dk\/wp-json\/wp\/v2\/media\/854"}],"wp:attachment":[{"href":"https:\/\/www.dknyheder.dk\/da-dk\/wp-json\/wp\/v2\/media?parent=853"}],"wp:term":[{"taxonomy":"category","embeddable":true,"href":"https:\/\/www.dknyheder.dk\/da-dk\/wp-json\/wp\/v2\/categories?post=853"},{"taxonomy":"post_tag","embeddable":true,"href":"https:\/\/www.dknyheder.dk\/da-dk\/wp-json\/wp\/v2\/tags?post=853"}],"curies":[{"name":"wp","href":"https:\/\/api.w.org\/{rel}","templated":true}]}}