{"id":873,"date":"2023-10-21T01:31:30","date_gmt":"2023-10-20T23:31:30","guid":{"rendered":"https:\/\/www.dknyheder.dk\/da-dk\/?p=873"},"modified":"2024-06-15T03:26:57","modified_gmt":"2024-06-15T01:26:57","slug":"for-foerste-gang-i-danmark-tre-millioner-i-arbejde","status":"publish","type":"post","link":"https:\/\/www.dknyheder.dk\/da-dk\/oekonomi\/for-foerste-gang-i-danmark-tre-millioner-i-arbejde\/873\/","title":{"rendered":"For f\u00f8rste gang i Danmark: Tre millioner i arbejde"},"content":{"rendered":"<p>I august 2023 var der 3.000.600 l\u00f8nmodtagere i job. Det er 4.300 flere end m\u00e5neden f\u00f8r svarende til en stigning p\u00e5 0,1 procent. Siden august 2022 er der dermed samlet set kommet 37.000 flere besk\u00e6ftigede til.<\/p>\n<p>Ser man p\u00e5 den private sektor, er der kommet 3.300 flere l\u00f8nmodtagere fra juli til august m\u00e5ned. I samme periode er der kommet 900 flere offentligt ansatte.<\/p>\n<p>Besk\u00e6ftigelsesminister Ane Halsboe-J\u00f8rgensen siger:<\/p>\n<p>&#8211; Vi har nu rundet de magiske tre millioner. Aldrig nogensinde f\u00f8r har s\u00e5 mange i Danmark haft et job. Det er afg\u00f8rende for vores samfund, at s\u00e5 mange har et arbejde og bidrager.<\/p>\n<p>&#8211; Det er positivt for den enkelte, der er kommet i arbejde, og for hele samfundet, da det viser, at der er rigtig god gang i de danske virksomheder og dansk \u00f8konomi generelt. Og s\u00e5 gl\u00e6der jeg mig s\u00e6rligt over, at mange af dem, der tidligere har v\u00e6ret p\u00e5 kanten af arbejdsmarkedet, nu har f\u00e5et fodf\u00e6ste.  <\/p>\n<p>&#8211; Vi er ikke i m\u00e5l endnu. Vi skal have et mere rummeligt arbejdsmarked. Flere unge uden job og uddannelse skal have en plads p\u00e5 arbejdsmarkedet, flere indvandrere skal i job og flere skal opkvalificeres og efteruddannes. Det skal sikre, at virksomhederne og velf\u00e6rdssamfundet kan f\u00e5 den arbejdskraft, de har brug for.<\/p>\n","protected":false},"excerpt":{"rendered":"<p>Aldrig set f\u00f8r \u2013 3 millioner i besk\u00e6ftigelse.<\/p>\n","protected":false},"author":2,"featured_media":875,"comment_status":"closed","ping_status":"open","sticky":false,"template":"","format":"standard","meta":{"jnews-multi-image_gallery":[],"jnews_single_post":[],"jnews_primary_category":[],"footnotes":""},"categories":[6],"tags":[546,543,542,547,405,544,545],"class_list":["post-873","post","type-post","status-publish","format-standard","has-post-thumbnail","hentry","category-oekonomi","tag-ane-halsboe-joergensen","tag-arbejde","tag-beskaeftigelse","tag-beskaeftigelsesminister","tag-job","tag-loenmodtagere","tag-offentligt-ansatte"],"_links":{"self":[{"href":"https:\/\/www.dknyheder.dk\/da-dk\/wp-json\/wp\/v2\/posts\/873","targetHints":{"allow":["GET"]}}],"collection":[{"href":"https:\/\/www.dknyheder.dk\/da-dk\/wp-json\/wp\/v2\/posts"}],"about":[{"href":"https:\/\/www.dknyheder.dk\/da-dk\/wp-json\/wp\/v2\/types\/post"}],"author":[{"embeddable":true,"href":"https:\/\/www.dknyheder.dk\/da-dk\/wp-json\/wp\/v2\/users\/2"}],"replies":[{"embeddable":true,"href":"https:\/\/www.dknyheder.dk\/da-dk\/wp-json\/wp\/v2\/comments?post=873"}],"version-history":[{"count":0,"href":"https:\/\/www.dknyheder.dk\/da-dk\/wp-json\/wp\/v2\/posts\/873\/revisions"}],"wp:featuredmedia":[{"embeddable":true,"href":"https:\/\/www.dknyheder.dk\/da-dk\/wp-json\/wp\/v2\/media\/875"}],"wp:attachment":[{"href":"https:\/\/www.dknyheder.dk\/da-dk\/wp-json\/wp\/v2\/media?parent=873"}],"wp:term":[{"taxonomy":"category","embeddable":true,"href":"https:\/\/www.dknyheder.dk\/da-dk\/wp-json\/wp\/v2\/categories?post=873"},{"taxonomy":"post_tag","embeddable":true,"href":"https:\/\/www.dknyheder.dk\/da-dk\/wp-json\/wp\/v2\/tags?post=873"}],"curies":[{"name":"wp","href":"https:\/\/api.w.org\/{rel}","templated":true}]}}