{"id":975,"date":"2023-10-22T14:23:55","date_gmt":"2023-10-22T12:23:55","guid":{"rendered":"https:\/\/www.dknyheder.dk\/da-dk\/?p=975"},"modified":"2024-06-15T03:28:22","modified_gmt":"2024-06-15T01:28:22","slug":"vinterens-elpriser-bekymrer-danskerne","status":"publish","type":"post","link":"https:\/\/www.dknyheder.dk\/da-dk\/danmark\/vinterens-elpriser-bekymrer-danskerne\/975\/","title":{"rendered":"Vinterens elpriser bekymrer danskerne"},"content":{"rendered":"<p>Sidste vinters voldsomme udsving i elpriserne fik mange danskere til at stirre usikkert p\u00e5 de apps, der viste aktuelle priser, mens der blev skruet ned for b\u00e5de varmen og hjemmets el-apparater.<\/p>\n<p>Men selvom udviklingen siden er g\u00e5et mod langt mere stabile priser p\u00e5 str\u00f8m, s\u00e5 er der stadig en frygt blandt mange danskere for, at noget lignende skal gentage sig denne vinter.<\/p>\n<p>Det viser en ny unders\u00f8gelse, som Kantar Public har foretaget for Gjensidige og NRGi.<\/p>\n<p>Her svarer lidt over halvdelen af de adspurgte, at de er bekymrede for, at der skal ske lignende prisstigninger denne vinter, mens knap 40 procent erkl\u00e6rer sig uden bekymringer for en gentagelse af sidste vinters store prisudsving.<\/p>\n<p>Og det er helt naturligt, at s\u00e5 mange danskere stadig har sidste \u00e5rs store prisstigninger siddende i bevidstheden, siger Lars Pedersen, der er PR &amp; Content Manager i NRGi.<\/p>\n<p>Men selvom det ikke er muligt at sp\u00e5 om, hvorvidt noget lignende kan gentage sig, s\u00e5 peger han p\u00e5, at situationen sidste vinter var udl\u00f8st af flere alvorlige forhold.<\/p>\n<p>\u201cSidste vinter var h\u00f8j inflation, ugunstige vejrforhold og reaktioner p\u00e5 krigen i Ukraine med til at skabe stor usikkerhed p\u00e5 markedet, der tydeligvis stadig er i frisk erindring hos danskerne,\u201d siger han.<\/p>\n<p>Blandt de danskere, der er bekymrede for mulige prisstigninger denne vinter, har et stort flertal dog lavet flere tiltag for at mindske risikoen for at blive ramt af store elregninger.<\/p>\n<p>I unders\u00f8gelsen svarer godt 70 procent nemlig, at de har fokus p\u00e5 at nedbringe deres str\u00f8mforbrug, mens lidt over ti procent siger, at de allerede nu har lagt penge til side i tilf\u00e6lde af, at der skulle komme store prisstigninger.<\/p>\n<p>Og det store fokus p\u00e5 at nedbringe elforbruget er trods alt en positiv konsekvens af sidste \u00e5rs h\u00f8je energipriser, mener Henrik Sagild, der er direkt\u00f8r i skade i Gjensidige. Derudover peger han p\u00e5, at der i \u00e5r har v\u00e6ret flere muligheder for at s\u00f8ge tilskudsmidler til energiforbedringer, der ogs\u00e5 kan v\u00e6re med til at s\u00e6nke boligens str\u00f8mforbrug.<\/p>\n<p>\u201cDet er b\u00e5de positivt for klimaet og den enkeltes \u00f8konomi at s\u00e6nke str\u00f8mforbruget, men samtidig er det vigtigt, at det bliver gjort p\u00e5 den rigtige m\u00e5de, s\u00e5 man sparer de rigtige steder, og det ikke f\u00f8rer til negative konsekvenser som eksempelvis et d\u00e5rlige indeklima,\u201d siger han.<\/p>\n<p>Om unders\u00f8gelsen<\/p>\n<p>Unders\u00f8gelsen er foretaget blandt 1.004 repr\u00e6sentativt udvalgte danskere over 18 \u00e5r af \u00a9 Kantar Public for Gjensidige og NRGi i august og september 2023.<\/p>\n<table>\n<tbody>\n<tr>\n<td colspan=\"2\"><strong>Er du bekymret for en stigning i elpriserne til vinter, som man s\u00e5 det til sidste vinter?\u00a0<\/strong><\/td>\n<\/tr>\n<tr>\n<td>Ja<\/td>\n<td>52%<\/td>\n<\/tr>\n<tr>\n<td>Nej<\/td>\n<td>39%<\/td>\n<\/tr>\n<tr>\n<td>Ved ikke<\/td>\n<td>9%%<\/td>\n<\/tr>\n<\/tbody>\n<\/table>\n<table class=\"prs-table\">\n<tbody>\n<tr>\n<td colspan=\"2\"><strong>G\u00f8r du noget aktivt, for at forberede dig p\u00e5 forh\u00f8jede elpriser i vinterm\u00e5nederne?\u00a0<\/strong><\/td>\n<\/tr>\n<tr>\n<td>Ja, jeg sparer\/har sparet penge op, s\u00e5 min \u00f8konomi er polstret til h\u00f8jere elpriser<\/td>\n<td>12%<\/td>\n<\/tr>\n<tr>\n<td>Ja, jeg har fokus p\u00e5 mit elforbrug og hvordan jeg kan nedbringe det<\/td>\n<td>72%<\/td>\n<\/tr>\n<tr>\n<td>Ja, jeg har foretaget klimarenoveringer, for at s\u00e6nke mit elforbrug<\/td>\n<td>5%<\/td>\n<\/tr>\n<tr>\n<td>Ja, andet<\/td>\n<td>4%<\/td>\n<\/tr>\n<tr>\n<td>Nej<\/td>\n<td>15%<\/td>\n<\/tr>\n<\/tbody>\n<\/table>\n","protected":false},"excerpt":{"rendered":"<p>Selvom priserne p\u00e5 str\u00f8m hidtil har holdt sig i ro, s\u00e5 er der en udbredt bekymring blandt danskerne for, at elpriserne stiger voldsomt i l\u00f8bet af vinteren, som det skete sidste vinter.<\/p>\n","protected":false},"author":2,"featured_media":976,"comment_status":"closed","ping_status":"open","sticky":false,"template":"","format":"standard","meta":{"jnews-multi-image_gallery":[],"jnews_single_post":[],"jnews_primary_category":[],"footnotes":""},"categories":[3],"tags":[589,315,585,586,588,587,590],"class_list":["post-975","post","type-post","status-publish","format-standard","has-post-thumbnail","hentry","category-danmark","tag-elpriser","tag-gjensidige","tag-kantar-public","tag-nrgi","tag-prisstigninger","tag-stroem","tag-undersoegelse"],"_links":{"self":[{"href":"https:\/\/www.dknyheder.dk\/da-dk\/wp-json\/wp\/v2\/posts\/975","targetHints":{"allow":["GET"]}}],"collection":[{"href":"https:\/\/www.dknyheder.dk\/da-dk\/wp-json\/wp\/v2\/posts"}],"about":[{"href":"https:\/\/www.dknyheder.dk\/da-dk\/wp-json\/wp\/v2\/types\/post"}],"author":[{"embeddable":true,"href":"https:\/\/www.dknyheder.dk\/da-dk\/wp-json\/wp\/v2\/users\/2"}],"replies":[{"embeddable":true,"href":"https:\/\/www.dknyheder.dk\/da-dk\/wp-json\/wp\/v2\/comments?post=975"}],"version-history":[{"count":0,"href":"https:\/\/www.dknyheder.dk\/da-dk\/wp-json\/wp\/v2\/posts\/975\/revisions"}],"wp:featuredmedia":[{"embeddable":true,"href":"https:\/\/www.dknyheder.dk\/da-dk\/wp-json\/wp\/v2\/media\/976"}],"wp:attachment":[{"href":"https:\/\/www.dknyheder.dk\/da-dk\/wp-json\/wp\/v2\/media?parent=975"}],"wp:term":[{"taxonomy":"category","embeddable":true,"href":"https:\/\/www.dknyheder.dk\/da-dk\/wp-json\/wp\/v2\/categories?post=975"},{"taxonomy":"post_tag","embeddable":true,"href":"https:\/\/www.dknyheder.dk\/da-dk\/wp-json\/wp\/v2\/tags?post=975"}],"curies":[{"name":"wp","href":"https:\/\/api.w.org\/{rel}","templated":true}]}}